{"id":328817,"date":"2026-09-05T19:05:50","date_gmt":"2026-09-05T17:05:50","guid":{"rendered":"https:\/\/www.evearly.news\/fr\/les-7-voitures-electriques-les-moins-cheres-attendues-en-2027\/"},"modified":"2026-09-05T19:05:50","modified_gmt":"2026-09-05T17:05:50","slug":"les-7-voitures-electriques-les-moins-cheres-attendues-en-2027","status":"publish","type":"post","link":"https:\/\/www.evearly.news\/fr\/les-7-voitures-electriques-les-moins-cheres-attendues-en-2027\/","title":{"rendered":"Les 7 voitures \u00e9lectriques les moins ch\u00e8res attendues en 2027"},"content":{"rendered":"<div class=\"media_block\"><img decoding=\"async\" src=\"https:\/\/www.evearly.news\/fr\/wp-content\/uploads\/sites\/6\/2026\/09\/les-7-voitures-electriques-les-moins-cheres-attendues-en-2027.jpg\"><\/div>\n<p>Apr\u00e8s avoir connu son \u00e2ge d\u2019or dans les ann\u00e9es 1990 avant d&rsquo;\u00eatre progressivement d\u00e9laiss\u00e9, le march\u00e9 des petites citadines connaitra une nouvelle p\u00e9riode faste en Europe. Pouss\u00e9es par l\u2019\u00e9lectrification, la baisse des co\u00fbts de fabrication et la volont\u00e9 d\u2019afficher des prix sous la barre des 20 000 \u20ac, les citadines de poche reviendront au premier plan. Initi\u00e9e par la Renault <a href=https:\/\/www.automobile-magazine.fr\/voitures-electriques\/article\/53022-les-7-voitures-electriques-les-moins-cheres-attendues-en-2027 alt='automobile magazine' target='blank'>Lire la suite&#8230;<\/a><\/p>\n","protected":false},"excerpt":{"rendered":"<div class=\"media_block\"><img decoding=\"async\" src=\"https:\/\/www.evearly.news\/fr\/wp-content\/uploads\/sites\/6\/2026\/09\/les-7-voitures-electriques-les-moins-cheres-attendues-en-2027.jpg\"><\/div>\n<p> <a class=\"continue-reading-link\" href=\"https:\/\/www.evearly.news\/fr\/les-7-voitures-electriques-les-moins-cheres-attendues-en-2027\/\"><\/a><\/p>\n","protected":false},"author":7,"featured_media":328818,"comment_status":"closed","ping_status":"open","sticky":false,"template":"Default","format":"standard","meta":{"footnotes":""},"categories":[7],"tags":[],"class_list":["post-328817","post","type-post","status-publish","format-standard","has-post-thumbnail","hentry","category-automobile-magazine"],"_links":{"self":[{"href":"https:\/\/www.evearly.news\/fr\/wp-json\/wp\/v2\/posts\/328817","targetHints":{"allow":["GET"]}}],"collection":[{"href":"https:\/\/www.evearly.news\/fr\/wp-json\/wp\/v2\/posts"}],"about":[{"href":"https:\/\/www.evearly.news\/fr\/wp-json\/wp\/v2\/types\/post"}],"author":[{"embeddable":true,"href":"https:\/\/www.evearly.news\/fr\/wp-json\/wp\/v2\/users\/7"}],"replies":[{"embeddable":true,"href":"https:\/\/www.evearly.news\/fr\/wp-json\/wp\/v2\/comments?post=328817"}],"version-history":[{"count":0,"href":"https:\/\/www.evearly.news\/fr\/wp-json\/wp\/v2\/posts\/328817\/revisions"}],"wp:featuredmedia":[{"embeddable":true,"href":"https:\/\/www.evearly.news\/fr\/wp-json\/wp\/v2\/media\/328818"}],"wp:attachment":[{"href":"https:\/\/www.evearly.news\/fr\/wp-json\/wp\/v2\/media?parent=328817"}],"wp:term":[{"taxonomy":"category","embeddable":true,"href":"https:\/\/www.evearly.news\/fr\/wp-json\/wp\/v2\/categories?post=328817"},{"taxonomy":"post_tag","embeddable":true,"href":"https:\/\/www.evearly.news\/fr\/wp-json\/wp\/v2\/tags?post=328817"}],"curies":[{"name":"wp","href":"https:\/\/api.w.org\/{rel}","templated":true}]}}