{"id":328827,"date":"2026-09-06T10:18:47","date_gmt":"2026-09-06T08:18:47","guid":{"rendered":"https:\/\/www.evearly.news\/fr\/cet-editorialiste-qui-critiquait-lelectrique-a-change-davis-enfin-presque\/"},"modified":"2026-09-06T10:18:47","modified_gmt":"2026-09-06T08:18:47","slug":"cet-editorialiste-qui-critiquait-lelectrique-a-change-davis-enfin-presque","status":"publish","type":"post","link":"https:\/\/www.evearly.news\/fr\/cet-editorialiste-qui-critiquait-lelectrique-a-change-davis-enfin-presque\/","title":{"rendered":"Cet \u00e9ditorialiste qui critiquait l\u2019\u00e9lectrique a chang\u00e9 d\u2019avis. Enfin, presque"},"content":{"rendered":"<p><img loading=\"lazy\" width=\"1200\" height=\"675\" src=\"https:\/\/www.evearly.news\/fr\/wp-content\/uploads\/sites\/6\/2026\/09\/cet-editorialiste-qui-critiquait-lelectrique-a-change-davis-enfin-presque.jpg\" class=\"attachment-full size-full\" alt=\"\" decoding=\"async\" \/><br \/>\nIl n\u2019aimait pas la voiture \u00e9lectrique. Il s\u2019y est mis. Et puis&#8230;le premier long trajet ne l&rsquo;a pas emball\u00e9. La chronique de Fran\u00e7ois Lenglet sur RTL a \u00e9t\u00e9 d\u00e9cortiqu\u00e9 dans l&rsquo;\u00e9dito Watt Else du 3 septembre.<br \/>\n <a href=https:\/\/www.numerama.com\/vroom\/2325847-cet-editorialiste-qui-critiquait-lelectrique-a-change-davis-enfin-presque.html target=bwindow'>Lire la suite&#8230;<\/a><\/p>\n","protected":false},"excerpt":{"rendered":"<p>&#8230; <a class=\"continue-reading-link\" href=\"https:\/\/www.evearly.news\/fr\/cet-editorialiste-qui-critiquait-lelectrique-a-change-davis-enfin-presque\/\"><\/a><\/p>\n","protected":false},"author":16,"featured_media":328828,"comment_status":"closed","ping_status":"open","sticky":false,"template":"Default","format":"standard","meta":{"footnotes":""},"categories":[17],"tags":[],"class_list":["post-328827","post","type-post","status-publish","format-standard","has-post-thumbnail","hentry","category-numerama"],"_links":{"self":[{"href":"https:\/\/www.evearly.news\/fr\/wp-json\/wp\/v2\/posts\/328827","targetHints":{"allow":["GET"]}}],"collection":[{"href":"https:\/\/www.evearly.news\/fr\/wp-json\/wp\/v2\/posts"}],"about":[{"href":"https:\/\/www.evearly.news\/fr\/wp-json\/wp\/v2\/types\/post"}],"author":[{"embeddable":true,"href":"https:\/\/www.evearly.news\/fr\/wp-json\/wp\/v2\/users\/16"}],"replies":[{"embeddable":true,"href":"https:\/\/www.evearly.news\/fr\/wp-json\/wp\/v2\/comments?post=328827"}],"version-history":[{"count":0,"href":"https:\/\/www.evearly.news\/fr\/wp-json\/wp\/v2\/posts\/328827\/revisions"}],"wp:featuredmedia":[{"embeddable":true,"href":"https:\/\/www.evearly.news\/fr\/wp-json\/wp\/v2\/media\/328828"}],"wp:attachment":[{"href":"https:\/\/www.evearly.news\/fr\/wp-json\/wp\/v2\/media?parent=328827"}],"wp:term":[{"taxonomy":"category","embeddable":true,"href":"https:\/\/www.evearly.news\/fr\/wp-json\/wp\/v2\/categories?post=328827"},{"taxonomy":"post_tag","embeddable":true,"href":"https:\/\/www.evearly.news\/fr\/wp-json\/wp\/v2\/tags?post=328827"}],"curies":[{"name":"wp","href":"https:\/\/api.w.org\/{rel}","templated":true}]}}