{"id":328829,"date":"2026-09-06T14:02:51","date_gmt":"2026-09-06T12:02:51","guid":{"rendered":"https:\/\/www.evearly.news\/fr\/xiaomi-prepare-son-arrivee-en-france-une-su7-bardee-de-capteurs-surprise-en-alsace\/"},"modified":"2026-09-06T14:02:51","modified_gmt":"2026-09-06T12:02:51","slug":"xiaomi-prepare-son-arrivee-en-france-une-su7-bardee-de-capteurs-surprise-en-alsace","status":"publish","type":"post","link":"https:\/\/www.evearly.news\/fr\/xiaomi-prepare-son-arrivee-en-france-une-su7-bardee-de-capteurs-surprise-en-alsace\/","title":{"rendered":"Xiaomi pr\u00e9pare son arriv\u00e9e en France : une SU7 bard\u00e9e de capteurs surprise en Alsace !"},"content":{"rendered":"<p><img loading=\"lazy\" decoding=\"async\" width=\"500\" height=\"333\" src=\"https:\/\/www.evearly.news\/fr\/wp-content\/uploads\/sites\/6\/2026\/09\/xiaomi-prepare-son-arrivee-en-france-une-su7-bardee-de-capteurs-surprise-en-alsace.jpg\" class=\"attachment-1200x800 size-1200x800 wp-post-image\" alt=\"xiaomi 2026 france test\" srcset=\"https:\/\/www.evearly.news\/fr\/wp-content\/uploads\/sites\/6\/2026\/09\/xiaomi-prepare-son-arrivee-en-france-une-su7-bardee-de-capteurs-surprise-en-alsace.jpg 5120w, https:\/\/www.evearly.news\/fr\/wp-content\/uploads\/sites\/6\/2026\/09\/xiaomi-prepare-son-arrivee-en-france-une-su7-bardee-de-capteurs-surprise-en-alsace-1.jpg 1640w, https:\/\/www.evearly.news\/fr\/wp-content\/uploads\/sites\/6\/2026\/09\/xiaomi-prepare-son-arrivee-en-france-une-su7-bardee-de-capteurs-surprise-en-alsace-2.jpg 1024w, https:\/\/www.evearly.news\/fr\/wp-content\/uploads\/sites\/6\/2026\/09\/xiaomi-prepare-son-arrivee-en-france-une-su7-bardee-de-capteurs-surprise-en-alsace-3.jpg 768w, https:\/\/www.evearly.news\/fr\/wp-content\/uploads\/sites\/6\/2026\/09\/xiaomi-prepare-son-arrivee-en-france-une-su7-bardee-de-capteurs-surprise-en-alsace-4.jpg 1536w, https:\/\/www.evearly.news\/fr\/wp-content\/uploads\/sites\/6\/2026\/09\/xiaomi-prepare-son-arrivee-en-france-une-su7-bardee-de-capteurs-surprise-en-alsace-5.jpg 2048w, https:\/\/www.evearly.news\/fr\/wp-content\/uploads\/sites\/6\/2026\/09\/xiaomi-prepare-son-arrivee-en-france-une-su7-bardee-de-capteurs-surprise-en-alsace-6.jpg 623w, https:\/\/cdn.automobile-propre.com\/uploads\/2026\/09\/xiaomi-SU7-2026-France-en-recharge-960x720.jpg 960w\" sizes=\"auto, (max-width: 1067px) 100vw, 1067px\" \/><br \/>\nUne Xiaomi SU7 h\u00e9riss\u00e9e de capteurs, branch\u00e9e sur une borne de recharge rapide en Alsace : la sc\u00e8ne a de\u2026\u00a0<a href=https:\/\/www.automobile-propre.com\/articles\/xiaomi-su7-prototype-capteurs-recharge-france\/ target='bwindow'>Lire la suite&#8230;<\/a><\/p>\n","protected":false},"excerpt":{"rendered":"<p>&#8230; <a class=\"continue-reading-link\" href=\"https:\/\/www.evearly.news\/fr\/xiaomi-prepare-son-arrivee-en-france-une-su7-bardee-de-capteurs-surprise-en-alsace\/\"><\/a><\/p>\n","protected":false},"author":8,"featured_media":328830,"comment_status":"closed","ping_status":"open","sticky":false,"template":"Default","format":"standard","meta":{"footnotes":""},"categories":[8],"tags":[],"class_list":["post-328829","post","type-post","status-publish","format-standard","has-post-thumbnail","hentry","category-automobile-propre"],"_links":{"self":[{"href":"https:\/\/www.evearly.news\/fr\/wp-json\/wp\/v2\/posts\/328829","targetHints":{"allow":["GET"]}}],"collection":[{"href":"https:\/\/www.evearly.news\/fr\/wp-json\/wp\/v2\/posts"}],"about":[{"href":"https:\/\/www.evearly.news\/fr\/wp-json\/wp\/v2\/types\/post"}],"author":[{"embeddable":true,"href":"https:\/\/www.evearly.news\/fr\/wp-json\/wp\/v2\/users\/8"}],"replies":[{"embeddable":true,"href":"https:\/\/www.evearly.news\/fr\/wp-json\/wp\/v2\/comments?post=328829"}],"version-history":[{"count":0,"href":"https:\/\/www.evearly.news\/fr\/wp-json\/wp\/v2\/posts\/328829\/revisions"}],"wp:featuredmedia":[{"embeddable":true,"href":"https:\/\/www.evearly.news\/fr\/wp-json\/wp\/v2\/media\/328830"}],"wp:attachment":[{"href":"https:\/\/www.evearly.news\/fr\/wp-json\/wp\/v2\/media?parent=328829"}],"wp:term":[{"taxonomy":"category","embeddable":true,"href":"https:\/\/www.evearly.news\/fr\/wp-json\/wp\/v2\/categories?post=328829"},{"taxonomy":"post_tag","embeddable":true,"href":"https:\/\/www.evearly.news\/fr\/wp-json\/wp\/v2\/tags?post=328829"}],"curies":[{"name":"wp","href":"https:\/\/api.w.org\/{rel}","templated":true}]}}