{"id":328831,"date":"2026-09-06T14:05:03","date_gmt":"2026-09-06T12:05:03","guid":{"rendered":"https:\/\/www.evearly.news\/fr\/temoignage-voila-pourquoi-ce-proprietaire-de-byd-seal-ne-reprendra-pas-de-voiture-electrique-chinoise\/"},"modified":"2026-09-06T14:05:03","modified_gmt":"2026-09-06T12:05:03","slug":"temoignage-voila-pourquoi-ce-proprietaire-de-byd-seal-ne-reprendra-pas-de-voiture-electrique-chinoise","status":"publish","type":"post","link":"https:\/\/www.evearly.news\/fr\/temoignage-voila-pourquoi-ce-proprietaire-de-byd-seal-ne-reprendra-pas-de-voiture-electrique-chinoise\/","title":{"rendered":"T\u00e9moignage \u2013 Voil\u00e0 pourquoi ce propri\u00e9taire de BYD Seal ne reprendra pas de voiture \u00e9lectrique chinoise"},"content":{"rendered":"<p><img decoding=\"async\" width=\"500\" height=\"333\" src=\"https:\/\/www.evearly.news\/fr\/wp-content\/uploads\/sites\/6\/2026\/09\/temoignage-voila-pourquoi-ce-proprietaire-de-byd-seal-ne-reprendra-pas-de-voiture-electrique-chinoise.jpg\" class=\"attachment-1200x800 size-1200x800 wp-post-image\" alt=\"La BYD Seal de Christian\" loading=\"lazy\" srcset=\"https:\/\/www.evearly.news\/fr\/wp-content\/uploads\/sites\/6\/2026\/09\/temoignage-voila-pourquoi-ce-proprietaire-de-byd-seal-ne-reprendra-pas-de-voiture-electrique-chinoise.jpg 1200w, https:\/\/www.evearly.news\/fr\/wp-content\/uploads\/sites\/6\/2026\/09\/temoignage-voila-pourquoi-ce-proprietaire-de-byd-seal-ne-reprendra-pas-de-voiture-electrique-chinoise-1.jpg 1024w, https:\/\/www.evearly.news\/fr\/wp-content\/uploads\/sites\/6\/2026\/09\/temoignage-voila-pourquoi-ce-proprietaire-de-byd-seal-ne-reprendra-pas-de-voiture-electrique-chinoise-2.jpg 140w, https:\/\/www.evearly.news\/fr\/wp-content\/uploads\/sites\/6\/2026\/09\/temoignage-voila-pourquoi-ce-proprietaire-de-byd-seal-ne-reprendra-pas-de-voiture-electrique-chinoise-3.jpg 768w, https:\/\/www.evearly.news\/fr\/wp-content\/uploads\/sites\/6\/2026\/09\/temoignage-voila-pourquoi-ce-proprietaire-de-byd-seal-ne-reprendra-pas-de-voiture-electrique-chinoise-4.jpg 700w, https:\/\/www.evearly.news\/fr\/wp-content\/uploads\/sites\/6\/2026\/09\/temoignage-voila-pourquoi-ce-proprietaire-de-byd-seal-ne-reprendra-pas-de-voiture-electrique-chinoise-5.jpg 960w, https:\/\/cdn.automobile-propre.com\/uploads\/2026\/09\/APG0905_WChBYSSeal-100x66.jpg 100w\" sizes=\"auto, (max-width: 1200px) 100vw, 1200px\" \/><br \/>\nMalgr\u00e9 des besoins personnels et professionnels compatibles avec l\u2019\u00e9lectrique, Christian est d\u2019abord prudemment pass\u00e9 par la case hybride rechargeable en\u2026\u00a0<a href=https:\/\/www.automobile-propre.com\/articles\/temoignage-voila-pourquoi-ce-proprietaire-de-byd-seal-ne-reprendra-pas-de-voiture-electrique-chinoise\/ target='bwindow'>Lire la suite&#8230;<\/a><\/p>\n","protected":false},"excerpt":{"rendered":"<p>&#8230; <a class=\"continue-reading-link\" href=\"https:\/\/www.evearly.news\/fr\/temoignage-voila-pourquoi-ce-proprietaire-de-byd-seal-ne-reprendra-pas-de-voiture-electrique-chinoise\/\"><\/a><\/p>\n","protected":false},"author":8,"featured_media":328832,"comment_status":"closed","ping_status":"open","sticky":false,"template":"Default","format":"standard","meta":{"footnotes":""},"categories":[8],"tags":[],"class_list":["post-328831","post","type-post","status-publish","format-standard","has-post-thumbnail","hentry","category-automobile-propre"],"_links":{"self":[{"href":"https:\/\/www.evearly.news\/fr\/wp-json\/wp\/v2\/posts\/328831","targetHints":{"allow":["GET"]}}],"collection":[{"href":"https:\/\/www.evearly.news\/fr\/wp-json\/wp\/v2\/posts"}],"about":[{"href":"https:\/\/www.evearly.news\/fr\/wp-json\/wp\/v2\/types\/post"}],"author":[{"embeddable":true,"href":"https:\/\/www.evearly.news\/fr\/wp-json\/wp\/v2\/users\/8"}],"replies":[{"embeddable":true,"href":"https:\/\/www.evearly.news\/fr\/wp-json\/wp\/v2\/comments?post=328831"}],"version-history":[{"count":0,"href":"https:\/\/www.evearly.news\/fr\/wp-json\/wp\/v2\/posts\/328831\/revisions"}],"wp:featuredmedia":[{"embeddable":true,"href":"https:\/\/www.evearly.news\/fr\/wp-json\/wp\/v2\/media\/328832"}],"wp:attachment":[{"href":"https:\/\/www.evearly.news\/fr\/wp-json\/wp\/v2\/media?parent=328831"}],"wp:term":[{"taxonomy":"category","embeddable":true,"href":"https:\/\/www.evearly.news\/fr\/wp-json\/wp\/v2\/categories?post=328831"},{"taxonomy":"post_tag","embeddable":true,"href":"https:\/\/www.evearly.news\/fr\/wp-json\/wp\/v2\/tags?post=328831"}],"curies":[{"name":"wp","href":"https:\/\/api.w.org\/{rel}","templated":true}]}}