{"id":328835,"date":"2026-09-06T17:05:08","date_gmt":"2026-09-06T15:05:08","guid":{"rendered":"https:\/\/www.evearly.news\/fr\/renault-participe-au-developpement-de-cette-etonnante-motorisation-hybride-de-plus-de-1-100-ch\/"},"modified":"2026-09-06T17:05:08","modified_gmt":"2026-09-06T15:05:08","slug":"renault-participe-au-developpement-de-cette-etonnante-motorisation-hybride-de-plus-de-1-100-ch","status":"publish","type":"post","link":"https:\/\/www.evearly.news\/fr\/renault-participe-au-developpement-de-cette-etonnante-motorisation-hybride-de-plus-de-1-100-ch\/","title":{"rendered":"Renault participe au d\u00e9veloppement de cette \u00e9tonnante motorisation hybride de plus de 1 100 ch"},"content":{"rendered":"<p><img decoding=\"async\" width=\"500\" height=\"333\" src=\"https:\/\/www.evearly.news\/fr\/wp-content\/uploads\/sites\/6\/2026\/09\/renault-participe-au-developpement-de-cette-etonnante-motorisation-hybride-de-plus-de-1-100-ch.jpg\" class=\"attachment-1200x800 size-1200x800 wp-post-image\" alt=\"Geely Galaxy Cruiser 700\" loading=\"lazy\" srcset=\"https:\/\/www.evearly.news\/fr\/wp-content\/uploads\/sites\/6\/2026\/09\/renault-participe-au-developpement-de-cette-etonnante-motorisation-hybride-de-plus-de-1-100-ch.jpg 880w, https:\/\/www.evearly.news\/fr\/wp-content\/uploads\/sites\/6\/2026\/09\/renault-participe-au-developpement-de-cette-etonnante-motorisation-hybride-de-plus-de-1-100-ch-1.jpg 140w, https:\/\/www.evearly.news\/fr\/wp-content\/uploads\/sites\/6\/2026\/09\/renault-participe-au-developpement-de-cette-etonnante-motorisation-hybride-de-plus-de-1-100-ch-2.jpg 768w, https:\/\/www.evearly.news\/fr\/wp-content\/uploads\/sites\/6\/2026\/09\/renault-participe-au-developpement-de-cette-etonnante-motorisation-hybride-de-plus-de-1-100-ch-3.jpg 700w, https:\/\/cdn.automobile-propre.com\/uploads\/2026\/05\/Geely-Galaxy-Cruiser-700-100x66.jpg 100w\" sizes=\"auto, (max-width: 880px) 100vw, 880px\" \/><br \/>\nHorse Powertrain, la coentreprise de Renault et Geely sp\u00e9cialis\u00e9e dans les motorisations, vient de d\u00e9voiler une nouvelle cha\u00eene de traction\u2026\u00a0<a href=https:\/\/www.automobile-propre.com\/articles\/renault-participe-au-developpement-de-cette-etonnante-motorisation-hybride-de-plus-de-1-100-ch\/ target='bwindow'>Lire la suite&#8230;<\/a><\/p>\n","protected":false},"excerpt":{"rendered":"<p>&#8230; <a class=\"continue-reading-link\" href=\"https:\/\/www.evearly.news\/fr\/renault-participe-au-developpement-de-cette-etonnante-motorisation-hybride-de-plus-de-1-100-ch\/\"><\/a><\/p>\n","protected":false},"author":8,"featured_media":328836,"comment_status":"closed","ping_status":"open","sticky":false,"template":"Default","format":"standard","meta":{"footnotes":""},"categories":[8],"tags":[],"class_list":["post-328835","post","type-post","status-publish","format-standard","has-post-thumbnail","hentry","category-automobile-propre"],"_links":{"self":[{"href":"https:\/\/www.evearly.news\/fr\/wp-json\/wp\/v2\/posts\/328835","targetHints":{"allow":["GET"]}}],"collection":[{"href":"https:\/\/www.evearly.news\/fr\/wp-json\/wp\/v2\/posts"}],"about":[{"href":"https:\/\/www.evearly.news\/fr\/wp-json\/wp\/v2\/types\/post"}],"author":[{"embeddable":true,"href":"https:\/\/www.evearly.news\/fr\/wp-json\/wp\/v2\/users\/8"}],"replies":[{"embeddable":true,"href":"https:\/\/www.evearly.news\/fr\/wp-json\/wp\/v2\/comments?post=328835"}],"version-history":[{"count":0,"href":"https:\/\/www.evearly.news\/fr\/wp-json\/wp\/v2\/posts\/328835\/revisions"}],"wp:featuredmedia":[{"embeddable":true,"href":"https:\/\/www.evearly.news\/fr\/wp-json\/wp\/v2\/media\/328836"}],"wp:attachment":[{"href":"https:\/\/www.evearly.news\/fr\/wp-json\/wp\/v2\/media?parent=328835"}],"wp:term":[{"taxonomy":"category","embeddable":true,"href":"https:\/\/www.evearly.news\/fr\/wp-json\/wp\/v2\/categories?post=328835"},{"taxonomy":"post_tag","embeddable":true,"href":"https:\/\/www.evearly.news\/fr\/wp-json\/wp\/v2\/tags?post=328835"}],"curies":[{"name":"wp","href":"https:\/\/api.w.org\/{rel}","templated":true}]}}