{"id":3896,"date":"2019-09-20T17:00:34","date_gmt":"2019-09-20T15:00:34","guid":{"rendered":"https:\/\/www.automobile-propre.com\/?p=79901"},"modified":"2019-09-20T17:00:34","modified_gmt":"2019-09-20T15:00:34","slug":"essai-video-nouvelle-renault-zoe-un-incroyable-bond-en-avant","status":"publish","type":"post","link":"https:\/\/www.evearly.news\/fr\/essai-video-nouvelle-renault-zoe-un-incroyable-bond-en-avant\/","title":{"rendered":"Essai vid\u00e9o nouvelle Renault ZOE : un incroyable bond en avant !"},"content":{"rendered":"<p><img loading=\"lazy\" decoding=\"async\" class=\"attachment-186x124  wp-post-image aligncenter\" src=\"https:\/\/news.evearly.com\/wp-content\/uploads\/2019\/09\/essai-video-nouvelle-renault-zoe-un-incroyable-bond-en-avant.jpg\" alt=\"\" width=\"230\" height=\"152\"><\/p>\n<p>Leader sur le march\u00e9 de l\u2019\u00e9lectrique depuis six ans, Renault ne pas pouvait rester les bras ballants face \u00e0 la concurrence s\u00e9rieuse qui s\u2019annonce. Enti\u00e8rement renouvel\u00e9e, la Renault ZOE re\u00e7oit des am\u00e9liorations \u00e0 tous les niveaux et porte son autonomie \u00e0 pr\u00e8s de 400 km gr\u00e2ce \u00e0 une nouvelle batterie.&nbsp;<a href=\"https:\/\/www.automobile-propre.com\/essai-video-nouvelle-renault-zoe-incroyable-bon-en-avant\/\" target=\"_blank\" rel=\"noopener noreferrer\">Lire la suite&#8230;<\/a><\/p>\n","protected":false},"excerpt":{"rendered":"<br \/>\n<table>\n<tr>\n<td style=\"width:210px\"><a href=\"https:\/\/www.automobile-propre.com\/essai-video-nouvelle-renault-zoe-incroyable-bon-en-avant\/\"><img loading=\"lazy\" decoding=\"async\" width=\"186\" height=\"124\" src=\"https:\/\/news.evearly.com\/wp-content\/uploads\/2019\/09\/essai-video-nouvelle-renault-zoe-un-incroyable-bond-en-avant.jpg\" class=\"attachment-186x124 size-186x124 wp-post-image\" alt=\"\" \/><\/td>\n<td style=\"vertical-align:top\">Leader sur le march\u00e9 de l\u2019\u00e9lectrique depuis six ans, Renault ne pas pouvait rester les bras ballants face \u00e0 la concurrence s\u00e9rieuse qui s\u2019annonce. Enti\u00e8rement renouvel\u00e9e, la Renault ZOE re\u00e7oit des am\u00e9liorations \u00e0 tous les niveaux et porte son autonomie \u00e0 pr\u00e8s de 400 km gr\u00e2ce \u00e0 une nouvelle batterie.<\/td>\n<\/tr>\n<\/table>\n<p>L\u2019article <a rel=\"nofollow\" href=\"https:\/\/www.automobile-propre.com\/essai-video-nouvelle-renault-zoe-incroyable-bon-en-avant\/\">Essai vid\u00e9o nouvelle Renault ZOE : un incroyable bond en avant !<\/a> est apparu en premier sur <a rel=\"nofollow\" href=\"https:\/\/www.automobile-propre.com\">Automobile Propre<\/a>.<\/p>\n<p>  <a class=\"continue-reading-link\" href=\"https:\/\/www.evearly.news\/fr\/essai-video-nouvelle-renault-zoe-un-incroyable-bond-en-avant\/\"><\/a><\/p>\n","protected":false},"author":8,"featured_media":0,"comment_status":"closed","ping_status":"closed","sticky":false,"template":"","format":"standard","meta":{"footnotes":""},"categories":[8],"tags":[],"class_list":["post-3896","post","type-post","status-publish","format-standard","hentry","category-automobile-propre"],"_links":{"self":[{"href":"https:\/\/www.evearly.news\/fr\/wp-json\/wp\/v2\/posts\/3896","targetHints":{"allow":["GET"]}}],"collection":[{"href":"https:\/\/www.evearly.news\/fr\/wp-json\/wp\/v2\/posts"}],"about":[{"href":"https:\/\/www.evearly.news\/fr\/wp-json\/wp\/v2\/types\/post"}],"author":[{"embeddable":true,"href":"https:\/\/www.evearly.news\/fr\/wp-json\/wp\/v2\/users\/8"}],"replies":[{"embeddable":true,"href":"https:\/\/www.evearly.news\/fr\/wp-json\/wp\/v2\/comments?post=3896"}],"version-history":[{"count":0,"href":"https:\/\/www.evearly.news\/fr\/wp-json\/wp\/v2\/posts\/3896\/revisions"}],"wp:attachment":[{"href":"https:\/\/www.evearly.news\/fr\/wp-json\/wp\/v2\/media?parent=3896"}],"wp:term":[{"taxonomy":"category","embeddable":true,"href":"https:\/\/www.evearly.news\/fr\/wp-json\/wp\/v2\/categories?post=3896"},{"taxonomy":"post_tag","embeddable":true,"href":"https:\/\/www.evearly.news\/fr\/wp-json\/wp\/v2\/tags?post=3896"}],"curies":[{"name":"wp","href":"https:\/\/api.w.org\/{rel}","templated":true}]}}