{"id":39695,"date":"2020-04-24T10:55:06","date_gmt":"2020-04-24T08:55:06","guid":{"rendered":"https:\/\/www.automobile-propre.com\/?post_type=breves&amp;p=90389"},"modified":"2020-04-24T10:55:06","modified_gmt":"2020-04-24T08:55:06","slug":"volkswagen-relance-lentement-la-production-de-lid-3","status":"publish","type":"post","link":"https:\/\/www.evearly.news\/fr\/volkswagen-relance-lentement-la-production-de-lid-3\/","title":{"rendered":"Volkswagen relance lentement la production de l\u2019ID.3"},"content":{"rendered":"<p><img decoding=\"async\" src=\"https:\/\/www.automobile-propre.com\/wp-content\/uploads\/2020\/04\/Volkswagen-ID3-production-zwickau-avril-2020-730x486.jpg\" alt=\"Volkswagen ID.3 usine Zwickau 2020\" \/>Peu \u00e0 peu, les usines automobiles rouvrent en Europe, cependant \u00e0 un rythme bien moindre qu\u2019avant confinement. C\u2019est le cas par exemple en France pour la Renault ZOE. Comme ses homologues, Volkswagen relance la production de ses voitures, dont sa nouvelle compacte \u00e9lectrique d\u00e9butant sa carri\u00e8re. <a style=\"font-size: inherit\" href=\"https:\/\/www.automobile-propre.com\/breves\/volkswagen-relance-lentement-la-production-de-lid-3\/\" target=\"_blank\" rel=\"noopener noreferrer\">Lire la suite&#8230;<\/a><\/p>\n","protected":false},"excerpt":{"rendered":"<table>\n<tr>\n<td style=\"width:210px\"><a href=\"https:\/\/www.automobile-propre.com\/breves\/volkswagen-relance-lentement-la-production-de-lid-3\/\"><img loading=\"lazy\" decoding=\"async\" width=\"186\" height=\"124\" src=\"https:\/\/news.evearly.com\/wp-content\/uploads\/2020\/04\/volkswagen-relance-lentement-la-production-de-lid-3.jpg\" class=\"attachment-186x124 size-186x124 wp-post-image\" alt=\"Volkswagen ID.3 usine Zwickau 2020\" \/><\/td>\n<td style=\"vertical-align:top\">Arr\u00eat\u00e9e le 20 mars pour cause de confinement face au coronavirus, la compacte \u00e9lectrique ID.3 retrouve le chemin de la production, Volkswagen red\u00e9marrant l&rsquo;activit\u00e9 de l&rsquo;usine de Zwickau.<\/td>\n<\/tr>\n<\/table>\n<p>L\u2019article <a rel=\"nofollow\" href=\"https:\/\/www.automobile-propre.com\/breves\/volkswagen-relance-lentement-la-production-de-lid-3\/\">Volkswagen relance lentement la production de l\u2019ID.3<\/a> est apparu en premier sur <a rel=\"nofollow\" href=\"https:\/\/www.automobile-propre.com\">Automobile Propre<\/a>.<\/p>\n<p>  <a class=\"continue-reading-link\" href=\"https:\/\/www.evearly.news\/fr\/volkswagen-relance-lentement-la-production-de-lid-3\/\"><\/a><\/p>\n","protected":false},"author":8,"featured_media":0,"comment_status":"closed","ping_status":"closed","sticky":false,"template":"","format":"standard","meta":{"footnotes":""},"categories":[8],"tags":[],"class_list":["post-39695","post","type-post","status-publish","format-standard","hentry","category-automobile-propre"],"_links":{"self":[{"href":"https:\/\/www.evearly.news\/fr\/wp-json\/wp\/v2\/posts\/39695","targetHints":{"allow":["GET"]}}],"collection":[{"href":"https:\/\/www.evearly.news\/fr\/wp-json\/wp\/v2\/posts"}],"about":[{"href":"https:\/\/www.evearly.news\/fr\/wp-json\/wp\/v2\/types\/post"}],"author":[{"embeddable":true,"href":"https:\/\/www.evearly.news\/fr\/wp-json\/wp\/v2\/users\/8"}],"replies":[{"embeddable":true,"href":"https:\/\/www.evearly.news\/fr\/wp-json\/wp\/v2\/comments?post=39695"}],"version-history":[{"count":0,"href":"https:\/\/www.evearly.news\/fr\/wp-json\/wp\/v2\/posts\/39695\/revisions"}],"wp:attachment":[{"href":"https:\/\/www.evearly.news\/fr\/wp-json\/wp\/v2\/media?parent=39695"}],"wp:term":[{"taxonomy":"category","embeddable":true,"href":"https:\/\/www.evearly.news\/fr\/wp-json\/wp\/v2\/categories?post=39695"},{"taxonomy":"post_tag","embeddable":true,"href":"https:\/\/www.evearly.news\/fr\/wp-json\/wp\/v2\/tags?post=39695"}],"curies":[{"name":"wp","href":"https:\/\/api.w.org\/{rel}","templated":true}]}}