{"id":4084,"date":"2019-09-22T10:06:22","date_gmt":"2019-09-22T08:06:22","guid":{"rendered":"https:\/\/www.automobile-propre.com\/?p=79814"},"modified":"2019-09-22T10:06:22","modified_gmt":"2019-09-22T08:06:22","slug":"1947-2009-ces-25-voitures-electriques-qui-ont-precede-la-nissan-leaf","status":"publish","type":"post","link":"https:\/\/www.evearly.news\/fr\/1947-2009-ces-25-voitures-electriques-qui-ont-precede-la-nissan-leaf\/","title":{"rendered":"1947-2009 : ces 25 voitures \u00e9lectriques qui ont pr\u00e9c\u00e9d\u00e9 la Nissan Leaf"},"content":{"rendered":"\n<figure class=\"wp-block-image size-large\"><img decoding=\"async\" src=\"https:\/\/news.evearly.com\/wp-content\/uploads\/2019\/09\/AP90918_LNissanVxVE.jpg\" alt=\"\" class=\"wp-image-4118\" \/><\/figure>\n\n\n<p>Nombre de constructeurs de voitures particuli\u00e8res ont une longue histoire m\u00e9connue avec la mobilit\u00e9 \u00e9lectrique. C\u2019est le cas de Nissan qui s\u2019est int\u00e9ress\u00e9 tr\u00e8s t\u00f4t au sujet, d\u00e9s 1947, avec la\/le Tama. De nombreux mod\u00e8les pr\u00e9sent\u00e9s avant la Leaf ne sont que des concepts, dont certains marquent des \u00e9volutions majeures. Des petites s\u00e9ries ont aussi \u00e9t\u00e9 produites.<\/p>\n<p><a href=\"https:\/\/www.automobile-propre.com\/1947-2009-ces-25-voitures-electriques-qui-ont-precede-la-nissan-leaf\/\" target=\"_blank\" rel=\"noopener noreferrer\">Lire la suite&#8230;<\/a><\/p>","protected":false},"excerpt":{"rendered":"<br \/>\n<table>\n<tr>\n<td style=\"width:210px\"><a href=\"https:\/\/www.automobile-propre.com\/1947-2009-ces-25-voitures-electriques-qui-ont-precede-la-nissan-leaf\/\"><img loading=\"lazy\" decoding=\"async\" width=\"186\" height=\"124\" src=\"https:\/\/news.evearly.com\/wp-content\/uploads\/2019\/09\/1947-2009-ces-25-voitures-electriques-qui-ont-precede-la-nissan-leaf.jpg\" class=\"attachment-186x124 size-186x124 wp-post-image\" alt=\"\" \/><\/td>\n<td style=\"vertical-align:top\">Nombre de constructeurs de voitures particuli\u00e8res ont une longue histoire m\u00e9connue avec la mobilit\u00e9 \u00e9lectrique. C\u2019est le cas de Nissan qui s\u2019est int\u00e9ress\u00e9 tr\u00e8s t\u00f4t au sujet, d\u00e9s 1947, avec la\/le Tama. De nombreux mod\u00e8les pr\u00e9sent\u00e9s avant la Leaf ne sont que des concepts, dont certains marquent des \u00e9volutions majeures. Des petites s\u00e9ries ont aussi \u00e9t\u00e9 produites.<\/td>\n<\/tr>\n<\/table>\n<p>L\u2019article <a rel=\"nofollow\" href=\"https:\/\/www.automobile-propre.com\/1947-2009-ces-25-voitures-electriques-qui-ont-precede-la-nissan-leaf\/\">1947-2009 : ces 25 voitures \u00e9lectriques qui ont pr\u00e9c\u00e9d\u00e9 la Nissan Leaf<\/a> est apparu en premier sur <a rel=\"nofollow\" href=\"https:\/\/www.automobile-propre.com\">Automobile Propre<\/a>.<\/p>\n<p>  <a class=\"continue-reading-link\" href=\"https:\/\/www.evearly.news\/fr\/1947-2009-ces-25-voitures-electriques-qui-ont-precede-la-nissan-leaf\/\"><\/a><\/p>\n","protected":false},"author":8,"featured_media":0,"comment_status":"closed","ping_status":"closed","sticky":false,"template":"","format":"standard","meta":{"footnotes":""},"categories":[8],"tags":[],"class_list":["post-4084","post","type-post","status-publish","format-standard","hentry","category-automobile-propre"],"_links":{"self":[{"href":"https:\/\/www.evearly.news\/fr\/wp-json\/wp\/v2\/posts\/4084","targetHints":{"allow":["GET"]}}],"collection":[{"href":"https:\/\/www.evearly.news\/fr\/wp-json\/wp\/v2\/posts"}],"about":[{"href":"https:\/\/www.evearly.news\/fr\/wp-json\/wp\/v2\/types\/post"}],"author":[{"embeddable":true,"href":"https:\/\/www.evearly.news\/fr\/wp-json\/wp\/v2\/users\/8"}],"replies":[{"embeddable":true,"href":"https:\/\/www.evearly.news\/fr\/wp-json\/wp\/v2\/comments?post=4084"}],"version-history":[{"count":0,"href":"https:\/\/www.evearly.news\/fr\/wp-json\/wp\/v2\/posts\/4084\/revisions"}],"wp:attachment":[{"href":"https:\/\/www.evearly.news\/fr\/wp-json\/wp\/v2\/media?parent=4084"}],"wp:term":[{"taxonomy":"category","embeddable":true,"href":"https:\/\/www.evearly.news\/fr\/wp-json\/wp\/v2\/categories?post=4084"},{"taxonomy":"post_tag","embeddable":true,"href":"https:\/\/www.evearly.news\/fr\/wp-json\/wp\/v2\/tags?post=4084"}],"curies":[{"name":"wp","href":"https:\/\/api.w.org\/{rel}","templated":true}]}}