{"id":4151,"date":"2019-09-22T18:55:52","date_gmt":"2019-09-22T16:55:52","guid":{"rendered":"https:\/\/www.automobile-propre.com\/?p=80015"},"modified":"2019-09-22T18:55:52","modified_gmt":"2019-09-22T16:55:52","slug":"en-intention-dachat-la-voiture-electrique-est-encore-loin-de-faire-lunanimite","status":"publish","type":"post","link":"https:\/\/www.evearly.news\/fr\/en-intention-dachat-la-voiture-electrique-est-encore-loin-de-faire-lunanimite\/","title":{"rendered":"En intention d\u2019achat, la voiture \u00e9lectrique est encore loin de faire l\u2019unanimit\u00e9"},"content":{"rendered":"<p><img loading=\"lazy\" decoding=\"async\" class=\"attachment-186x124  wp-post-image aligncenter\" src=\"https:\/\/news.evearly.com\/wp-content\/uploads\/2019\/09\/en-intention-dachat-la-voiture-electrique-est-encore-loin-de-faire-lunanimite.jpg\" alt=\"\" width=\"230\" height=\"152\"><\/p>\n<p>Selon les r\u00e9sultats du 3\u00e8me Barom\u00e8tre Energie de L&rsquo;Argus, seuls 10 % des acheteurs s\u2019estiment pr\u00eats \u00e0 acqu\u00e9rir une voiture \u00e9lectrique. L\u2019autonomie et les contraintes de recharge restent les deux principaux freins.&nbsp;<a href=\"https:\/\/www.automobile-propre.com\/en-intention-dachat-la-voiture-electrique-est-encore-loin-de-faire-lunanimite\/\" target=\"_blank\" rel=\"noopener noreferrer\">Lire la suite&#8230;<\/a><\/p>\n","protected":false},"excerpt":{"rendered":"<br \/>\n<table>\n<tr>\n<td style=\"width:210px\"><a href=\"https:\/\/www.automobile-propre.com\/en-intention-dachat-la-voiture-electrique-est-encore-loin-de-faire-lunanimite\/\"><img loading=\"lazy\" decoding=\"async\" width=\"186\" height=\"124\" src=\"https:\/\/news.evearly.com\/wp-content\/uploads\/2019\/09\/en-intention-dachat-la-voiture-electrique-est-encore-loin-de-faire-lunanimite.jpg\" class=\"attachment-186x124 size-186x124 wp-post-image\" alt=\"\" \/><\/td>\n<td style=\"vertical-align:top\">Selon les r\u00e9sultats du 3\u00e8me Barom\u00e8tre Energie de L&rsquo;Argus, seuls 10 % des acheteurs s\u2019estiment pr\u00eats \u00e0 acqu\u00e9rir une voiture \u00e9lectrique. L\u2019autonomie et les contraintes de recharge restent les deux principaux freins. <\/td>\n<\/tr>\n<\/table>\n<p>L\u2019article <a rel=\"nofollow\" href=\"https:\/\/www.automobile-propre.com\/en-intention-dachat-la-voiture-electrique-est-encore-loin-de-faire-lunanimite\/\">En intention d\u2019achat, la voiture \u00e9lectrique est encore loin de faire l\u2019unanimit\u00e9<\/a> est apparu en premier sur <a rel=\"nofollow\" href=\"https:\/\/www.automobile-propre.com\">Automobile Propre<\/a>.<\/p>\n<p>  <a class=\"continue-reading-link\" href=\"https:\/\/www.evearly.news\/fr\/en-intention-dachat-la-voiture-electrique-est-encore-loin-de-faire-lunanimite\/\"><\/a><\/p>\n","protected":false},"author":8,"featured_media":0,"comment_status":"closed","ping_status":"closed","sticky":false,"template":"","format":"standard","meta":{"footnotes":""},"categories":[8],"tags":[],"class_list":["post-4151","post","type-post","status-publish","format-standard","hentry","category-automobile-propre"],"_links":{"self":[{"href":"https:\/\/www.evearly.news\/fr\/wp-json\/wp\/v2\/posts\/4151","targetHints":{"allow":["GET"]}}],"collection":[{"href":"https:\/\/www.evearly.news\/fr\/wp-json\/wp\/v2\/posts"}],"about":[{"href":"https:\/\/www.evearly.news\/fr\/wp-json\/wp\/v2\/types\/post"}],"author":[{"embeddable":true,"href":"https:\/\/www.evearly.news\/fr\/wp-json\/wp\/v2\/users\/8"}],"replies":[{"embeddable":true,"href":"https:\/\/www.evearly.news\/fr\/wp-json\/wp\/v2\/comments?post=4151"}],"version-history":[{"count":0,"href":"https:\/\/www.evearly.news\/fr\/wp-json\/wp\/v2\/posts\/4151\/revisions"}],"wp:attachment":[{"href":"https:\/\/www.evearly.news\/fr\/wp-json\/wp\/v2\/media?parent=4151"}],"wp:term":[{"taxonomy":"category","embeddable":true,"href":"https:\/\/www.evearly.news\/fr\/wp-json\/wp\/v2\/categories?post=4151"},{"taxonomy":"post_tag","embeddable":true,"href":"https:\/\/www.evearly.news\/fr\/wp-json\/wp\/v2\/tags?post=4151"}],"curies":[{"name":"wp","href":"https:\/\/api.w.org\/{rel}","templated":true}]}}