{"id":4329,"date":"2019-09-23T02:00:00","date_gmt":"2019-09-23T00:00:00","guid":{"rendered":"http:\/\/$url_article"},"modified":"2019-09-23T02:00:00","modified_gmt":"2019-09-23T00:00:00","slug":"airbus-de-la-batterie-une-usine-pilote-en-nouvelle-aquitaine","status":"publish","type":"post","link":"https:\/\/www.evearly.news\/fr\/airbus-de-la-batterie-une-usine-pilote-en-nouvelle-aquitaine\/","title":{"rendered":"Airbus de la batterie : une usine-pilote en Nouvelle-Aquitaine"},"content":{"rendered":"\n<figure class=\"wp-block-image size-large\"><img decoding=\"async\" src=\"https:\/\/news.evearly.com\/wp-content\/uploads\/2019\/09\/x15692545149907a4ab748e5603433d679aac2b0012-airbus-batterie.jpg.pagespeed.ic_.zcbdL4ylFB.jpeg\" alt=\"\" class=\"wp-image-4360\" \/><\/figure>\n\n\n<p>Le ministre de l\u2019\u00e9conomie Bruno Le Maire a officialis\u00e9 la cr\u00e9ation d\u2019une usine-pilote d\u00e9di\u00e9e \u00e0 la fabrication de batteries aux c\u00f4t\u00e9s de son homologue allemand Peter Altmaier. Install\u00e9e en r\u00e9gion Nouvelle-Aquitaine, celle-ci permettra de pr\u00e9parer le lancement de deux autres&#8230; <a href=\"http:\/\/www.avere-france.org\/Site\/Article\/?article_id=7701\" target=\"_blank\" rel=\"noopener noreferrer\">Lire la suite&#8230;<\/a><\/p>","protected":false},"excerpt":{"rendered":"<p> Le ministre de l\u2019\u00e9conomie Bruno Le Maire a officialis\u00e9 la cr\u00e9ation d\u2019une usine-pilote d\u00e9di\u00e9e \u00e0 la fabrication de batteries aux c\u00f4t\u00e9s de son homologue allemand Peter Altmaier. Install\u00e9e en r\u00e9gion Nouvelle-Aquitaine, celle-ci permettra de pr\u00e9parer le lancement de deux aut  <a class=\"continue-reading-link\" href=\"https:\/\/www.evearly.news\/fr\/airbus-de-la-batterie-une-usine-pilote-en-nouvelle-aquitaine\/\"><\/a><\/p>\n","protected":false},"author":10,"featured_media":0,"comment_status":"closed","ping_status":"closed","sticky":false,"template":"","format":"standard","meta":{"footnotes":""},"categories":[9],"tags":[],"class_list":["post-4329","post","type-post","status-publish","format-standard","hentry","category-avere-france"],"_links":{"self":[{"href":"https:\/\/www.evearly.news\/fr\/wp-json\/wp\/v2\/posts\/4329","targetHints":{"allow":["GET"]}}],"collection":[{"href":"https:\/\/www.evearly.news\/fr\/wp-json\/wp\/v2\/posts"}],"about":[{"href":"https:\/\/www.evearly.news\/fr\/wp-json\/wp\/v2\/types\/post"}],"author":[{"embeddable":true,"href":"https:\/\/www.evearly.news\/fr\/wp-json\/wp\/v2\/users\/10"}],"replies":[{"embeddable":true,"href":"https:\/\/www.evearly.news\/fr\/wp-json\/wp\/v2\/comments?post=4329"}],"version-history":[{"count":0,"href":"https:\/\/www.evearly.news\/fr\/wp-json\/wp\/v2\/posts\/4329\/revisions"}],"wp:attachment":[{"href":"https:\/\/www.evearly.news\/fr\/wp-json\/wp\/v2\/media?parent=4329"}],"wp:term":[{"taxonomy":"category","embeddable":true,"href":"https:\/\/www.evearly.news\/fr\/wp-json\/wp\/v2\/categories?post=4329"},{"taxonomy":"post_tag","embeddable":true,"href":"https:\/\/www.evearly.news\/fr\/wp-json\/wp\/v2\/tags?post=4329"}],"curies":[{"name":"wp","href":"https:\/\/api.w.org\/{rel}","templated":true}]}}