{"id":4532,"date":"2019-09-25T09:53:41","date_gmt":"2019-09-25T07:53:41","guid":{"rendered":"http:\/\/www.avem.fr\/actualite-le-vaucluse-pret-a-accueillir-la-mobilite-electrique-7665.html"},"modified":"2023-08-17T19:12:10","modified_gmt":"2023-08-17T19:12:10","slug":"le-vaucluse-pret-a-accueillir-la-mobilite-electrique","status":"publish","type":"post","link":"https:\/\/www.evearly.news\/fr\/le-vaucluse-pret-a-accueillir-la-mobilite-electrique\/","title":{"rendered":"Le Vaucluse pr\u00eat \u00e0 accueillir la mobilit\u00e9 \u00e9lectrique"},"content":{"rendered":"\n<figure class=\"wp-block-image size-large\"><img decoding=\"async\" src=\"https:\/\/news.evearly.com\/wp-content\/uploads\/2019\/09\/20190925070555.jpg\" alt=\"\" class=\"wp-image-4695\" \/><\/figure>\n\n\n<p>Syndicat de l&rsquo;\u00e9nergie du Vaucluse, le SEV84 est en train d&rsquo;achever le d\u00e9ploiement de son r\u00e9seau de recharge pour v\u00e9hicules \u00e9lectriques (dont v\u00e9lo \u00e0 assistance) et hybrides rechargeables commenc\u00e9 au d\u00e9but de la pr\u00e9sente ann\u00e9e 2019. Une arriv\u00e9e tardive, si l&rsquo;on compare avec des d\u00e9partements pionniers comme la Vend\u00e9e ou le Morbihan. Le point positif, c&rsquo;est que la superficie des zones blanches de la&#8230; <a href=\"http:\/\/www.avem.fr\/actualite-le-vaucluse-pret-a-accueillir-la-mobilite-electrique-7665.html\" target=\"_blank\" rel=\"noopener noreferrer\">Lire la suite&#8230;<\/a><\/p>","protected":false},"excerpt":{"rendered":"<p> <img src='http:\/\/www.avem.fr\/img\/news\/\/moyen\/20190925070555.jpg'>Syndicat de l&rsquo;\u00e9nergie du Vaucluse, le SEV84 est en train d&rsquo;achever le d\u00e9ploiement de son r\u00e9seau de recharge pour v\u00e9hicules \u00e9lectriques (dont v\u00e9lo \u00e0 assistance) et hybrides rechargeables commenc\u00e9 au d\u00e9but de la pr\u00e9sente ann\u00e9e 2019. Une arriv\u00e9e tardive, si l&rsquo;on compare avec des d\u00e9partements pionniers comme la Vend\u00e9e ou le Morbihan. Le point positif, c&rsquo;est que la superficie des zones blanches de la&#8230;  <a class=\"continue-reading-link\" href=\"https:\/\/www.evearly.news\/fr\/le-vaucluse-pret-a-accueillir-la-mobilite-electrique\/\"><\/a><\/p>\n","protected":false},"author":3,"featured_media":0,"comment_status":"closed","ping_status":"closed","sticky":false,"template":"","format":"standard","meta":{"footnotes":""},"categories":[3],"tags":[],"class_list":["post-4532","post","type-post","status-publish","format-standard","hentry","category-avem"],"_links":{"self":[{"href":"https:\/\/www.evearly.news\/fr\/wp-json\/wp\/v2\/posts\/4532","targetHints":{"allow":["GET"]}}],"collection":[{"href":"https:\/\/www.evearly.news\/fr\/wp-json\/wp\/v2\/posts"}],"about":[{"href":"https:\/\/www.evearly.news\/fr\/wp-json\/wp\/v2\/types\/post"}],"author":[{"embeddable":true,"href":"https:\/\/www.evearly.news\/fr\/wp-json\/wp\/v2\/users\/3"}],"replies":[{"embeddable":true,"href":"https:\/\/www.evearly.news\/fr\/wp-json\/wp\/v2\/comments?post=4532"}],"version-history":[{"count":1,"href":"https:\/\/www.evearly.news\/fr\/wp-json\/wp\/v2\/posts\/4532\/revisions"}],"predecessor-version":[{"id":257491,"href":"https:\/\/www.evearly.news\/fr\/wp-json\/wp\/v2\/posts\/4532\/revisions\/257491"}],"wp:attachment":[{"href":"https:\/\/www.evearly.news\/fr\/wp-json\/wp\/v2\/media?parent=4532"}],"wp:term":[{"taxonomy":"category","embeddable":true,"href":"https:\/\/www.evearly.news\/fr\/wp-json\/wp\/v2\/categories?post=4532"},{"taxonomy":"post_tag","embeddable":true,"href":"https:\/\/www.evearly.news\/fr\/wp-json\/wp\/v2\/tags?post=4532"}],"curies":[{"name":"wp","href":"https:\/\/api.w.org\/{rel}","templated":true}]}}