{"id":4533,"date":"2019-09-25T09:53:32","date_gmt":"2019-09-25T07:53:32","guid":{"rendered":"http:\/\/www.avem.fr\/actualite-ligne-de-chaine-s-engage-sur-les-territoires-7664.html"},"modified":"2023-08-17T19:12:11","modified_gmt":"2023-08-17T19:12:11","slug":"ligne-de-chaine-sengage-sur-les-territoires","status":"publish","type":"post","link":"https:\/\/www.evearly.news\/fr\/ligne-de-chaine-sengage-sur-les-territoires\/","title":{"rendered":"Ligne de Chaine s&rsquo;engage sur les territoires"},"content":{"rendered":"\n<figure class=\"wp-block-image size-large\"><img decoding=\"async\" src=\"https:\/\/news.evearly.com\/wp-content\/uploads\/2019\/09\/20190924174901.jpg\" alt=\"\" class=\"wp-image-4960\" \/><\/figure>\n\n\n<p>Notre adh\u00e9rent, l&rsquo;organisme de Formation LIGNE DE CHAINE, sp\u00e9cialis\u00e9 dans les formations d\u00e9di\u00e9es \u00e0 la commercialisation et la maintenance des v\u00e9hicules \u00e9lectriques, renforce ses comp\u00e9tences dans l&rsquo;am\u00e9nagement et l&rsquo;attractivit\u00e9 des territoires. \u00ab Concernant les v\u00e9hicules terrestres individuels ou collectifs, nous pouvons aujourd&rsquo;hui nous r\u00e9jouir de voir une mutation industrielle et commerciale&#8230; <a href=\"http:\/\/www.avem.fr\/actualite-ligne-de-chaine-s-engage-sur-les-territoires-7664.html\" target=\"_blank\" rel=\"noopener noreferrer\">Lire la suite&#8230;<\/a><\/p>","protected":false},"excerpt":{"rendered":"<p> <img src='http:\/\/www.avem.fr\/img\/news\/\/moyen\/20190924174901.jpg'>Notre adh\u00e9rent, l&rsquo;organisme de Formation LIGNE DE CHAINE, sp\u00e9cialis\u00e9 dans les formations d\u00e9di\u00e9es \u00e0 la commercialisation et la maintenance des v\u00e9hicules \u00e9lectriques, renforce ses comp\u00e9tences dans l&rsquo;am\u00e9nagement et l&rsquo;attractivit\u00e9 des territoires. \u00ab Concernant les v\u00e9hicules terrestres individuels ou collectifs, nous pouvons aujourd&rsquo;hui nous r\u00e9jouir de voir une mutation industrielle et commerciale&#8230;  <a class=\"continue-reading-link\" href=\"https:\/\/www.evearly.news\/fr\/ligne-de-chaine-sengage-sur-les-territoires\/\"><\/a><\/p>\n","protected":false},"author":3,"featured_media":0,"comment_status":"closed","ping_status":"closed","sticky":false,"template":"","format":"standard","meta":{"footnotes":""},"categories":[3],"tags":[],"class_list":["post-4533","post","type-post","status-publish","format-standard","hentry","category-avem"],"_links":{"self":[{"href":"https:\/\/www.evearly.news\/fr\/wp-json\/wp\/v2\/posts\/4533","targetHints":{"allow":["GET"]}}],"collection":[{"href":"https:\/\/www.evearly.news\/fr\/wp-json\/wp\/v2\/posts"}],"about":[{"href":"https:\/\/www.evearly.news\/fr\/wp-json\/wp\/v2\/types\/post"}],"author":[{"embeddable":true,"href":"https:\/\/www.evearly.news\/fr\/wp-json\/wp\/v2\/users\/3"}],"replies":[{"embeddable":true,"href":"https:\/\/www.evearly.news\/fr\/wp-json\/wp\/v2\/comments?post=4533"}],"version-history":[{"count":1,"href":"https:\/\/www.evearly.news\/fr\/wp-json\/wp\/v2\/posts\/4533\/revisions"}],"predecessor-version":[{"id":257492,"href":"https:\/\/www.evearly.news\/fr\/wp-json\/wp\/v2\/posts\/4533\/revisions\/257492"}],"wp:attachment":[{"href":"https:\/\/www.evearly.news\/fr\/wp-json\/wp\/v2\/media?parent=4533"}],"wp:term":[{"taxonomy":"category","embeddable":true,"href":"https:\/\/www.evearly.news\/fr\/wp-json\/wp\/v2\/categories?post=4533"},{"taxonomy":"post_tag","embeddable":true,"href":"https:\/\/www.evearly.news\/fr\/wp-json\/wp\/v2\/tags?post=4533"}],"curies":[{"name":"wp","href":"https:\/\/api.w.org\/{rel}","templated":true}]}}