{"id":4562,"date":"2019-09-25T15:09:12","date_gmt":"2019-09-25T13:09:12","guid":{"rendered":"https:\/\/www.automobile-propre.com\/?post_type=breves&amp;p=80065"},"modified":"2019-09-25T15:09:12","modified_gmt":"2019-09-25T13:09:12","slug":"la-tesla-model-3-fait-un-veritable-carton-aux-pays-bas","status":"publish","type":"post","link":"https:\/\/www.evearly.news\/fr\/la-tesla-model-3-fait-un-veritable-carton-aux-pays-bas\/","title":{"rendered":"La Tesla Model 3 fait un v\u00e9ritable carton aux Pays-Bas"},"content":{"rendered":"<p><img loading=\"lazy\" decoding=\"async\" class=\"attachment-186x124  wp-post-image aligncenter\" src=\"https:\/\/news.evearly.com\/wp-content\/uploads\/2019\/09\/la-tesla-model-3-fait-un-veritable-carton-aux-pays-bas.jpg\" alt=\"\" width=\"228\" height=\"151\"><\/p>\n<p>Avec plus de 11.000 unit\u00e9s immatricul\u00e9es depuis le d\u00e9but de l\u2019ann\u00e9e, la Tesla Model 3 est devenue un best-seller sur le march\u00e9 n\u00e9erlandais.&nbsp;<a href=\"https:\/\/www.automobile-propre.com\/breves\/la-tesla-model-3-fait-un-veritable-carton-aux-pays-bas\/\" target=\"_blank\" rel=\"noopener noreferrer\">Lire la suite&#8230;<\/a><\/p>\n","protected":false},"excerpt":{"rendered":"<br \/>\n<table>\n<tr>\n<td style=\"width:210px\"><a href=\"https:\/\/www.automobile-propre.com\/breves\/la-tesla-model-3-fait-un-veritable-carton-aux-pays-bas\/\"><img loading=\"lazy\" decoding=\"async\" width=\"186\" height=\"124\" src=\"https:\/\/news.evearly.com\/wp-content\/uploads\/2019\/09\/la-tesla-model-3-fait-un-veritable-carton-aux-pays-bas.jpg\" class=\"attachment-186x124 size-186x124 wp-post-image\" alt=\"\" \/><\/td>\n<td style=\"vertical-align:top\">Avec plus de 11.000 unit\u00e9s immatricul\u00e9es depuis le d\u00e9but de l\u2019ann\u00e9e, la Tesla Model 3 est devenue un best-seller sur le march\u00e9 n\u00e9erlandais.<\/td>\n<\/tr>\n<\/table>\n<p>L\u2019article <a rel=\"nofollow\" href=\"https:\/\/www.automobile-propre.com\/breves\/la-tesla-model-3-fait-un-veritable-carton-aux-pays-bas\/\">La Tesla Model 3 fait un v\u00e9ritable carton aux Pays-Bas<\/a> est apparu en premier sur <a rel=\"nofollow\" href=\"https:\/\/www.automobile-propre.com\">Automobile Propre<\/a>.<\/p>\n<p>  <a class=\"continue-reading-link\" href=\"https:\/\/www.evearly.news\/fr\/la-tesla-model-3-fait-un-veritable-carton-aux-pays-bas\/\"><\/a><\/p>\n","protected":false},"author":8,"featured_media":0,"comment_status":"closed","ping_status":"closed","sticky":false,"template":"","format":"standard","meta":{"footnotes":""},"categories":[8],"tags":[],"class_list":["post-4562","post","type-post","status-publish","format-standard","hentry","category-automobile-propre"],"_links":{"self":[{"href":"https:\/\/www.evearly.news\/fr\/wp-json\/wp\/v2\/posts\/4562","targetHints":{"allow":["GET"]}}],"collection":[{"href":"https:\/\/www.evearly.news\/fr\/wp-json\/wp\/v2\/posts"}],"about":[{"href":"https:\/\/www.evearly.news\/fr\/wp-json\/wp\/v2\/types\/post"}],"author":[{"embeddable":true,"href":"https:\/\/www.evearly.news\/fr\/wp-json\/wp\/v2\/users\/8"}],"replies":[{"embeddable":true,"href":"https:\/\/www.evearly.news\/fr\/wp-json\/wp\/v2\/comments?post=4562"}],"version-history":[{"count":0,"href":"https:\/\/www.evearly.news\/fr\/wp-json\/wp\/v2\/posts\/4562\/revisions"}],"wp:attachment":[{"href":"https:\/\/www.evearly.news\/fr\/wp-json\/wp\/v2\/media?parent=4562"}],"wp:term":[{"taxonomy":"category","embeddable":true,"href":"https:\/\/www.evearly.news\/fr\/wp-json\/wp\/v2\/categories?post=4562"},{"taxonomy":"post_tag","embeddable":true,"href":"https:\/\/www.evearly.news\/fr\/wp-json\/wp\/v2\/tags?post=4562"}],"curies":[{"name":"wp","href":"https:\/\/api.w.org\/{rel}","templated":true}]}}