{"id":4580,"date":"2019-09-25T18:15:08","date_gmt":"2019-09-25T16:15:08","guid":{"rendered":"https:\/\/www.automobile-propre.com\/?post_type=breves&amp;p=80106"},"modified":"2019-09-25T18:15:08","modified_gmt":"2019-09-25T16:15:08","slug":"canoo-presente-sa-vision-du-monospace-electrique-du-futur","status":"publish","type":"post","link":"https:\/\/www.evearly.news\/fr\/canoo-presente-sa-vision-du-monospace-electrique-du-futur\/","title":{"rendered":"Canoo pr\u00e9sente sa vision du monospace \u00e9lectrique du futur"},"content":{"rendered":"<p><img loading=\"lazy\" decoding=\"async\" class=\"attachment-186x124  wp-post-image aligncenter\" src=\"https:\/\/news.evearly.com\/wp-content\/uploads\/2019\/09\/canoo-presente-sa-vision-du-monospace-electrique-du-futur.jpg\" alt=\"\" width=\"230\" height=\"152\"><\/p>\n<p>Jeune startup am\u00e9ricaine fond\u00e9e il y a tout juste 19 mois, Canoo vient de r\u00e9v\u00e9ler un concept de monospace 100 % \u00e9lectrique dont le lancement est pr\u00e9vu pour 2021.&nbsp;<a href=\"https:\/\/www.automobile-propre.com\/breves\/canoo-presente-sa-vision-du-monospace-electrique-du-futur\/\" target=\"_blank\" rel=\"noopener noreferrer\">Lire la suite&#8230;<\/a><\/p>\n","protected":false},"excerpt":{"rendered":"<br \/>\n<table>\n<tr>\n<td style=\"width:210px\"><a href=\"https:\/\/www.automobile-propre.com\/breves\/canoo-presente-sa-vision-du-monospace-electrique-du-futur\/\"><img loading=\"lazy\" decoding=\"async\" width=\"186\" height=\"124\" src=\"https:\/\/news.evearly.com\/wp-content\/uploads\/2019\/09\/canoo-presente-sa-vision-du-monospace-electrique-du-futur.jpg\" class=\"attachment-186x124 size-186x124 wp-post-image\" alt=\"\" \/><\/td>\n<td style=\"vertical-align:top\">Jeune startup am\u00e9ricaine fond\u00e9e il y a tout juste 19 mois, Canoo vient de r\u00e9v\u00e9ler un concept de monospace 100 % \u00e9lectrique dont le lancement est pr\u00e9vu pour 2021.<\/td>\n<\/tr>\n<\/table>\n<p>L\u2019article <a rel=\"nofollow\" href=\"https:\/\/www.automobile-propre.com\/breves\/canoo-presente-sa-vision-du-monospace-electrique-du-futur\/\">Canoo pr\u00e9sente sa vision du monospace \u00e9lectrique du futur<\/a> est apparu en premier sur <a rel=\"nofollow\" href=\"https:\/\/www.automobile-propre.com\">Automobile Propre<\/a>.<\/p>\n<p>  <a class=\"continue-reading-link\" href=\"https:\/\/www.evearly.news\/fr\/canoo-presente-sa-vision-du-monospace-electrique-du-futur\/\"><\/a><\/p>\n","protected":false},"author":8,"featured_media":0,"comment_status":"closed","ping_status":"closed","sticky":false,"template":"","format":"standard","meta":{"footnotes":""},"categories":[8],"tags":[],"class_list":["post-4580","post","type-post","status-publish","format-standard","hentry","category-automobile-propre"],"_links":{"self":[{"href":"https:\/\/www.evearly.news\/fr\/wp-json\/wp\/v2\/posts\/4580","targetHints":{"allow":["GET"]}}],"collection":[{"href":"https:\/\/www.evearly.news\/fr\/wp-json\/wp\/v2\/posts"}],"about":[{"href":"https:\/\/www.evearly.news\/fr\/wp-json\/wp\/v2\/types\/post"}],"author":[{"embeddable":true,"href":"https:\/\/www.evearly.news\/fr\/wp-json\/wp\/v2\/users\/8"}],"replies":[{"embeddable":true,"href":"https:\/\/www.evearly.news\/fr\/wp-json\/wp\/v2\/comments?post=4580"}],"version-history":[{"count":0,"href":"https:\/\/www.evearly.news\/fr\/wp-json\/wp\/v2\/posts\/4580\/revisions"}],"wp:attachment":[{"href":"https:\/\/www.evearly.news\/fr\/wp-json\/wp\/v2\/media?parent=4580"}],"wp:term":[{"taxonomy":"category","embeddable":true,"href":"https:\/\/www.evearly.news\/fr\/wp-json\/wp\/v2\/categories?post=4580"},{"taxonomy":"post_tag","embeddable":true,"href":"https:\/\/www.evearly.news\/fr\/wp-json\/wp\/v2\/tags?post=4580"}],"curies":[{"name":"wp","href":"https:\/\/api.w.org\/{rel}","templated":true}]}}