{"id":4620,"date":"2019-09-26T13:00:00","date_gmt":"2019-09-26T11:00:00","guid":{"rendered":"https:\/\/www.caradisiac.com\/batteries-electriques-l-europe-se-reveille-178770.htm#xtor=RSS-40"},"modified":"2019-09-26T13:00:00","modified_gmt":"2019-09-26T11:00:00","slug":"batteries-electriques-leurope-se-reveille","status":"publish","type":"post","link":"https:\/\/www.evearly.news\/fr\/batteries-electriques-leurope-se-reveille\/","title":{"rendered":"Batteries \u00e9lectriques : l\u2019Europe se r\u00e9veille !"},"content":{"rendered":"<p> <img decoding=\"async\" src=\"https:\/\/news.evearly.com\/wp-content\/uploads\/2019\/09\/batteries-electriques-leurope-se-reveille.jpg\" \/> Si l\u2019Asie m\u00e8ne pour le moment la danse en mati\u00e8re de production de batteries pour v\u00e9hicules \u00e9lectriques, les choses commencent \u00e0 s\u00e9rieusement bouger en Europe. En l\u2019espace d\u2019une semaine, les annonces se sont multipli\u00e9es sur ce th\u00e8me. <a href=\"https:\/\/www.caradisiac.com\/batteries-electriques-l-europe-se-reveille-178770.htm#xtor=RSS-40\" target=\"_blank\" rel=\"noopener noreferrer\">Lire la suite&#8230;<\/a><\/p>\n","protected":false},"excerpt":{"rendered":"<p> <img decoding=\"async\" src=\"https:\/\/news.evearly.com\/wp-content\/uploads\/2019\/09\/batteries-electriques-leurope-se-reveille.jpg\" \/> Si l\u2019Asie m\u00e8ne pour le moment la danse en mati\u00e8re de production de batteries pour v\u00e9hicules \u00e9lectriques, les choses commencent \u00e0 s\u00e9rieusement bouger en Europe. En l\u2019espace d\u2019une semaine, les annonces se sont multipli\u00e9es sur ce th\u00e8me.  <a class=\"continue-reading-link\" href=\"https:\/\/www.evearly.news\/fr\/batteries-electriques-leurope-se-reveille\/\"><\/a><\/p>\n","protected":false},"author":11,"featured_media":0,"comment_status":"closed","ping_status":"closed","sticky":false,"template":"","format":"standard","meta":{"footnotes":""},"categories":[11],"tags":[],"class_list":["post-4620","post","type-post","status-publish","format-standard","hentry","category-caradisiac"],"_links":{"self":[{"href":"https:\/\/www.evearly.news\/fr\/wp-json\/wp\/v2\/posts\/4620","targetHints":{"allow":["GET"]}}],"collection":[{"href":"https:\/\/www.evearly.news\/fr\/wp-json\/wp\/v2\/posts"}],"about":[{"href":"https:\/\/www.evearly.news\/fr\/wp-json\/wp\/v2\/types\/post"}],"author":[{"embeddable":true,"href":"https:\/\/www.evearly.news\/fr\/wp-json\/wp\/v2\/users\/11"}],"replies":[{"embeddable":true,"href":"https:\/\/www.evearly.news\/fr\/wp-json\/wp\/v2\/comments?post=4620"}],"version-history":[{"count":0,"href":"https:\/\/www.evearly.news\/fr\/wp-json\/wp\/v2\/posts\/4620\/revisions"}],"wp:attachment":[{"href":"https:\/\/www.evearly.news\/fr\/wp-json\/wp\/v2\/media?parent=4620"}],"wp:term":[{"taxonomy":"category","embeddable":true,"href":"https:\/\/www.evearly.news\/fr\/wp-json\/wp\/v2\/categories?post=4620"},{"taxonomy":"post_tag","embeddable":true,"href":"https:\/\/www.evearly.news\/fr\/wp-json\/wp\/v2\/tags?post=4620"}],"curies":[{"name":"wp","href":"https:\/\/api.w.org\/{rel}","templated":true}]}}