{"id":4698,"date":"2019-09-26T16:33:06","date_gmt":"2019-09-26T14:33:06","guid":{"rendered":"https:\/\/www.automobile-propre.com\/?post_type=breves&amp;p=80138"},"modified":"2019-09-26T16:33:06","modified_gmt":"2019-09-26T14:33:06","slug":"e85-ford-se-lance-dans-linstallation-de-kits-de-conversion","status":"publish","type":"post","link":"https:\/\/www.evearly.news\/fr\/e85-ford-se-lance-dans-linstallation-de-kits-de-conversion\/","title":{"rendered":"E85 : Ford se lance dans l\u2019installation de kits de conversion"},"content":{"rendered":"<p><img loading=\"lazy\" decoding=\"async\" class=\"attachment-186x124  wp-post-image aligncenter\" src=\"https:\/\/news.evearly.com\/wp-content\/uploads\/2019\/09\/e85-ford-se-lance-dans-linstallation-de-kits-de-conversion.jpg\" alt=\"\" width=\"230\" height=\"152\"><\/p>\n<p>Sous r\u00e9serve qu\u2019elle ne soit plus couverte par la garantie du constructeur, le r\u00e9seau Ford pourra monter sur votre voiture un kit de conversion au bio\u00e9thanol, selon le m\u00eame bar\u00e8me tarifaire que les stations de son partenaire sp\u00e9cialis\u00e9 Biomotors.&nbsp;<a href=\"https:\/\/www.automobile-propre.com\/breves\/e85-ford-lance-installation-kits-conversion\/\" target=\"_blank\" rel=\"noopener noreferrer\">Lire la suite&#8230;<\/a><\/p>\n","protected":false},"excerpt":{"rendered":"<br \/>\n<table>\n<tr>\n<td style=\"width:210px\"><a href=\"https:\/\/www.automobile-propre.com\/breves\/e85-ford-lance-installation-kits-conversion\/\"><img loading=\"lazy\" decoding=\"async\" width=\"186\" height=\"124\" src=\"https:\/\/news.evearly.com\/wp-content\/uploads\/2019\/09\/e85-ford-se-lance-dans-linstallation-de-kits-de-conversion.jpg\" class=\"attachment-186x124 size-186x124 wp-post-image\" alt=\"\" \/><\/td>\n<td style=\"vertical-align:top\">Sous r\u00e9serve qu\u2019elle ne soit plus couverte par la garantie du constructeur, le r\u00e9seau Ford pourra monter sur votre voiture un kit de conversion au bio\u00e9thanol, selon le m\u00eame bar\u00e8me tarifaire que les stations de son partenaire sp\u00e9cialis\u00e9 Biomotors.<\/td>\n<\/tr>\n<\/table>\n<p>L\u2019article <a rel=\"nofollow\" href=\"https:\/\/www.automobile-propre.com\/breves\/e85-ford-lance-installation-kits-conversion\/\">E85 : Ford se lance dans l&rsquo;installation de kits de conversion<\/a> est apparu en premier sur <a rel=\"nofollow\" href=\"https:\/\/www.automobile-propre.com\">Automobile Propre<\/a>.<\/p>\n<p>  <a class=\"continue-reading-link\" href=\"https:\/\/www.evearly.news\/fr\/e85-ford-se-lance-dans-linstallation-de-kits-de-conversion\/\"><\/a><\/p>\n","protected":false},"author":8,"featured_media":0,"comment_status":"closed","ping_status":"closed","sticky":false,"template":"","format":"standard","meta":{"footnotes":""},"categories":[8],"tags":[],"class_list":["post-4698","post","type-post","status-publish","format-standard","hentry","category-automobile-propre"],"_links":{"self":[{"href":"https:\/\/www.evearly.news\/fr\/wp-json\/wp\/v2\/posts\/4698","targetHints":{"allow":["GET"]}}],"collection":[{"href":"https:\/\/www.evearly.news\/fr\/wp-json\/wp\/v2\/posts"}],"about":[{"href":"https:\/\/www.evearly.news\/fr\/wp-json\/wp\/v2\/types\/post"}],"author":[{"embeddable":true,"href":"https:\/\/www.evearly.news\/fr\/wp-json\/wp\/v2\/users\/8"}],"replies":[{"embeddable":true,"href":"https:\/\/www.evearly.news\/fr\/wp-json\/wp\/v2\/comments?post=4698"}],"version-history":[{"count":0,"href":"https:\/\/www.evearly.news\/fr\/wp-json\/wp\/v2\/posts\/4698\/revisions"}],"wp:attachment":[{"href":"https:\/\/www.evearly.news\/fr\/wp-json\/wp\/v2\/media?parent=4698"}],"wp:term":[{"taxonomy":"category","embeddable":true,"href":"https:\/\/www.evearly.news\/fr\/wp-json\/wp\/v2\/categories?post=4698"},{"taxonomy":"post_tag","embeddable":true,"href":"https:\/\/www.evearly.news\/fr\/wp-json\/wp\/v2\/tags?post=4698"}],"curies":[{"name":"wp","href":"https:\/\/api.w.org\/{rel}","templated":true}]}}