{"id":4700,"date":"2019-09-26T15:29:39","date_gmt":"2019-09-26T13:29:39","guid":{"rendered":"https:\/\/www.automobile-propre.com\/?p=80129"},"modified":"2019-09-26T15:29:39","modified_gmt":"2019-09-26T13:29:39","slug":"volvo-xc40-electrique-parmi-les-voitures-les-plus-sures-du-monde","status":"publish","type":"post","link":"https:\/\/www.evearly.news\/fr\/volvo-xc40-electrique-parmi-les-voitures-les-plus-sures-du-monde\/","title":{"rendered":"Volvo XC40 \u00e9lectrique : Parmi les voitures les plus s\u00fbres du monde"},"content":{"rendered":"<p><img loading=\"lazy\" decoding=\"async\" class=\"attachment-186x124  wp-post-image aligncenter\" src=\"https:\/\/news.evearly.com\/wp-content\/uploads\/2019\/09\/volvo-xc40-electrique-parmi-les-voitures-les-plus-sures-du-monde.jpg\" alt=\"\" width=\"230\" height=\"152\"><\/p>\n<p>Le constructeur d\u2019origine su\u00e9doise l\u00e8vera le voile sur sa premi\u00e8re voiture \u00e9lectrique de s\u00e9rie le 16 octobre prochain.&nbsp;<a href=\"https:\/\/www.automobile-propre.com\/volvo-xc40-electrique-parmi-les-voitures-les-plus-sures-du-monde\/\" target=\"_blank\" rel=\"noopener noreferrer\">Lire la suite&#8230;<\/a><\/p>\n","protected":false},"excerpt":{"rendered":"<br \/>\n<table>\n<tr>\n<td style=\"width:210px\"><a href=\"https:\/\/www.automobile-propre.com\/volvo-xc40-electrique-parmi-les-voitures-les-plus-sures-du-monde\/\"><img loading=\"lazy\" decoding=\"async\" width=\"186\" height=\"124\" src=\"https:\/\/news.evearly.com\/wp-content\/uploads\/2019\/09\/volvo-xc40-electrique-parmi-les-voitures-les-plus-sures-du-monde.jpg\" class=\"attachment-186x124 size-186x124 wp-post-image\" alt=\"\" \/><\/td>\n<td style=\"vertical-align:top\">Le constructeur d\u2019origine su\u00e9doise l\u00e8vera le voile sur sa premi\u00e8re voiture \u00e9lectrique de s\u00e9rie le 16 octobre prochain. En attendant,&hellip;<\/td>\n<\/tr>\n<\/table>\n<p>L\u2019article <a rel=\"nofollow\" href=\"https:\/\/www.automobile-propre.com\/volvo-xc40-electrique-parmi-les-voitures-les-plus-sures-du-monde\/\">Volvo XC40 \u00e9lectrique : Parmi les voitures les plus s\u00fbres du monde<\/a> est apparu en premier sur <a rel=\"nofollow\" href=\"https:\/\/www.automobile-propre.com\">Automobile Propre<\/a>.<\/p>\n<p>  <a class=\"continue-reading-link\" href=\"https:\/\/www.evearly.news\/fr\/volvo-xc40-electrique-parmi-les-voitures-les-plus-sures-du-monde\/\"><\/a><\/p>\n","protected":false},"author":8,"featured_media":0,"comment_status":"closed","ping_status":"closed","sticky":false,"template":"","format":"standard","meta":{"footnotes":""},"categories":[8],"tags":[],"class_list":["post-4700","post","type-post","status-publish","format-standard","hentry","category-automobile-propre"],"_links":{"self":[{"href":"https:\/\/www.evearly.news\/fr\/wp-json\/wp\/v2\/posts\/4700","targetHints":{"allow":["GET"]}}],"collection":[{"href":"https:\/\/www.evearly.news\/fr\/wp-json\/wp\/v2\/posts"}],"about":[{"href":"https:\/\/www.evearly.news\/fr\/wp-json\/wp\/v2\/types\/post"}],"author":[{"embeddable":true,"href":"https:\/\/www.evearly.news\/fr\/wp-json\/wp\/v2\/users\/8"}],"replies":[{"embeddable":true,"href":"https:\/\/www.evearly.news\/fr\/wp-json\/wp\/v2\/comments?post=4700"}],"version-history":[{"count":0,"href":"https:\/\/www.evearly.news\/fr\/wp-json\/wp\/v2\/posts\/4700\/revisions"}],"wp:attachment":[{"href":"https:\/\/www.evearly.news\/fr\/wp-json\/wp\/v2\/media?parent=4700"}],"wp:term":[{"taxonomy":"category","embeddable":true,"href":"https:\/\/www.evearly.news\/fr\/wp-json\/wp\/v2\/categories?post=4700"},{"taxonomy":"post_tag","embeddable":true,"href":"https:\/\/www.evearly.news\/fr\/wp-json\/wp\/v2\/tags?post=4700"}],"curies":[{"name":"wp","href":"https:\/\/api.w.org\/{rel}","templated":true}]}}