{"id":4727,"date":"2019-09-26T19:00:00","date_gmt":"2019-09-26T17:00:00","guid":{"rendered":"http:\/\/www.avem.fr\/actualite-volvo-signe-avec-chargeguru-et-zeplug-pour-faciliter-la-recharge-7666.html"},"modified":"2023-08-17T19:12:09","modified_gmt":"2023-08-17T19:12:09","slug":"volvo-signe-avec-chargeguru-et-zeplug-pour-faciliter-la-recharge","status":"publish","type":"post","link":"https:\/\/www.evearly.news\/fr\/volvo-signe-avec-chargeguru-et-zeplug-pour-faciliter-la-recharge\/","title":{"rendered":"Volvo signe avec ChargeGuru et Zeplug pour faciliter la recharge"},"content":{"rendered":"\n<figure class=\"wp-block-image size-large\"><img decoding=\"async\" src=\"https:\/\/news.evearly.com\/wp-content\/uploads\/2019\/09\/20190926170205.jpg\" alt=\"\" class=\"wp-image-4946\" \/><figcaption>Nouvelle Volvo S60 T8 Twin Engine Polestar Engineered Gris Osmium M\u00e9tallis\u00e9 &#8211; Ext\u00e9rieur<\/figcaption><\/figure>\n\n\n<p>Afin de simplifier la recharge des voitures hybrides rechargeables et des futurs mod\u00e8les \u00e9lectriques choisis dans sa gamme par ses clients, Volvo Car France s&rsquo;associe \u00e0 ChargeGuru, expert de l&rsquo;installation de bornes de recharge, et \u00e0 Zeplug, sp\u00e9cialiste de la question dans les copropri\u00e9t\u00e9s. La nouvelle offre, baptis\u00e9e \u00ab Solution de recharge Volvo \u00bb, est d\u00e9j\u00e0 disponible, aussi bien pour les&#8230; <a href=\"http:\/\/www.avem.fr\/actualite-volvo-signe-avec-chargeguru-et-zeplug-pour-faciliter-la-recharge-7666.html\" target=\"_blank\" rel=\"noopener noreferrer\">Lire la suite&#8230;<\/a><\/p>","protected":false},"excerpt":{"rendered":"<p> <img src='http:\/\/www.avem.fr\/img\/news\/\/moyen\/20190926170205.jpg'>Afin de simplifier la recharge des voitures hybrides rechargeables et des futurs mod\u00e8les \u00e9lectriques choisis dans sa gamme par ses clients, Volvo Car France s&rsquo;associe \u00e0 ChargeGuru, expert de l&rsquo;installation de bornes de recharge, et \u00e0 Zeplug, sp\u00e9cialiste de la question dans les copropri\u00e9t\u00e9s. La nouvelle offre, baptis\u00e9e \u00ab Solution de recharge Volvo \u00bb, est d\u00e9j\u00e0 disponible, aussi bien pour les&#8230;  <a class=\"continue-reading-link\" href=\"https:\/\/www.evearly.news\/fr\/volvo-signe-avec-chargeguru-et-zeplug-pour-faciliter-la-recharge\/\"><\/a><\/p>\n","protected":false},"author":3,"featured_media":0,"comment_status":"closed","ping_status":"closed","sticky":false,"template":"","format":"standard","meta":{"footnotes":""},"categories":[3],"tags":[],"class_list":["post-4727","post","type-post","status-publish","format-standard","hentry","category-avem"],"_links":{"self":[{"href":"https:\/\/www.evearly.news\/fr\/wp-json\/wp\/v2\/posts\/4727","targetHints":{"allow":["GET"]}}],"collection":[{"href":"https:\/\/www.evearly.news\/fr\/wp-json\/wp\/v2\/posts"}],"about":[{"href":"https:\/\/www.evearly.news\/fr\/wp-json\/wp\/v2\/types\/post"}],"author":[{"embeddable":true,"href":"https:\/\/www.evearly.news\/fr\/wp-json\/wp\/v2\/users\/3"}],"replies":[{"embeddable":true,"href":"https:\/\/www.evearly.news\/fr\/wp-json\/wp\/v2\/comments?post=4727"}],"version-history":[{"count":1,"href":"https:\/\/www.evearly.news\/fr\/wp-json\/wp\/v2\/posts\/4727\/revisions"}],"predecessor-version":[{"id":257490,"href":"https:\/\/www.evearly.news\/fr\/wp-json\/wp\/v2\/posts\/4727\/revisions\/257490"}],"wp:attachment":[{"href":"https:\/\/www.evearly.news\/fr\/wp-json\/wp\/v2\/media?parent=4727"}],"wp:term":[{"taxonomy":"category","embeddable":true,"href":"https:\/\/www.evearly.news\/fr\/wp-json\/wp\/v2\/categories?post=4727"},{"taxonomy":"post_tag","embeddable":true,"href":"https:\/\/www.evearly.news\/fr\/wp-json\/wp\/v2\/tags?post=4727"}],"curies":[{"name":"wp","href":"https:\/\/api.w.org\/{rel}","templated":true}]}}