{"id":4752,"date":"2019-09-27T13:46:12","date_gmt":"2019-09-27T11:46:12","guid":{"rendered":"http:\/\/www.avem.fr\/actualite-volkswagen-lance-sa-production-de-batteries-7667.html"},"modified":"2023-08-17T19:12:07","modified_gmt":"2023-08-17T19:12:07","slug":"volkswagen-lance-sa-production-de-batteries","status":"publish","type":"post","link":"https:\/\/www.evearly.news\/fr\/volkswagen-lance-sa-production-de-batteries\/","title":{"rendered":"Volkswagen lance sa production de batteries"},"content":{"rendered":"\n<figure class=\"wp-block-image size-large\"><img decoding=\"async\" src=\"https:\/\/news.evearly.com\/wp-content\/uploads\/2019\/09\/20190926184042.jpg\" alt=\"\" class=\"wp-image-4938\" \/><\/figure>\n\n\n<p>A l&rsquo;instar de bon nombre de constructeurs europ\u00e9ens, le Groupe Volkswagen est d\u00e9sormais engag\u00e9 dans la production massive de v\u00e9hicules \u00e9lectriques puisqu&rsquo;il pr\u00e9voit de lancer pr\u00e8s de 70 nouveaux mod\u00e8les \u00e9lectriques au cours des dix prochaines ann\u00e9es. Or aujourd&rsquo;hui, alors que la batterie repr\u00e9sente pr\u00e8s de 40% de la valeur d&rsquo;une voiture \u00e9lectrique, la production de cellules de batteries est&#8230; <a href=\"http:\/\/www.avem.fr\/actualite-volkswagen-lance-sa-production-de-batteries-7667.html\" target=\"_blank\" rel=\"noopener noreferrer\">Lire la suite&#8230;<\/a><\/p>","protected":false},"excerpt":{"rendered":"<p> <img src='http:\/\/www.avem.fr\/img\/news\/\/moyen\/20190926184042.jpg'>A l&rsquo;instar de bon nombre de constructeurs europ\u00e9ens, le Groupe Volkswagen est d\u00e9sormais engag\u00e9 dans la production massive de v\u00e9hicules \u00e9lectriques puisqu&rsquo;il pr\u00e9voit de lancer pr\u00e8s de 70 nouveaux mod\u00e8les \u00e9lectriques au cours des dix prochaines ann\u00e9es. Or aujourd&rsquo;hui, alors que la batterie repr\u00e9sente pr\u00e8s de 40% de la valeur d&rsquo;une voiture \u00e9lectrique, la production de cellules de batteries est&#8230;  <a class=\"continue-reading-link\" href=\"https:\/\/www.evearly.news\/fr\/volkswagen-lance-sa-production-de-batteries\/\"><\/a><\/p>\n","protected":false},"author":3,"featured_media":0,"comment_status":"closed","ping_status":"closed","sticky":false,"template":"","format":"standard","meta":{"footnotes":""},"categories":[3],"tags":[],"class_list":["post-4752","post","type-post","status-publish","format-standard","hentry","category-avem"],"_links":{"self":[{"href":"https:\/\/www.evearly.news\/fr\/wp-json\/wp\/v2\/posts\/4752","targetHints":{"allow":["GET"]}}],"collection":[{"href":"https:\/\/www.evearly.news\/fr\/wp-json\/wp\/v2\/posts"}],"about":[{"href":"https:\/\/www.evearly.news\/fr\/wp-json\/wp\/v2\/types\/post"}],"author":[{"embeddable":true,"href":"https:\/\/www.evearly.news\/fr\/wp-json\/wp\/v2\/users\/3"}],"replies":[{"embeddable":true,"href":"https:\/\/www.evearly.news\/fr\/wp-json\/wp\/v2\/comments?post=4752"}],"version-history":[{"count":1,"href":"https:\/\/www.evearly.news\/fr\/wp-json\/wp\/v2\/posts\/4752\/revisions"}],"predecessor-version":[{"id":257489,"href":"https:\/\/www.evearly.news\/fr\/wp-json\/wp\/v2\/posts\/4752\/revisions\/257489"}],"wp:attachment":[{"href":"https:\/\/www.evearly.news\/fr\/wp-json\/wp\/v2\/media?parent=4752"}],"wp:term":[{"taxonomy":"category","embeddable":true,"href":"https:\/\/www.evearly.news\/fr\/wp-json\/wp\/v2\/categories?post=4752"},{"taxonomy":"post_tag","embeddable":true,"href":"https:\/\/www.evearly.news\/fr\/wp-json\/wp\/v2\/tags?post=4752"}],"curies":[{"name":"wp","href":"https:\/\/api.w.org\/{rel}","templated":true}]}}