{"id":4753,"date":"2019-09-27T12:47:10","date_gmt":"2019-09-27T10:47:10","guid":{"rendered":"https:\/\/www.automobile-propre.com\/?post_type=breves&amp;p=80169"},"modified":"2019-09-27T12:47:10","modified_gmt":"2019-09-27T10:47:10","slug":"les-tarifs-de-la-skoda-superb-iv-hybride-rechargeable-en-details","status":"publish","type":"post","link":"https:\/\/www.evearly.news\/fr\/les-tarifs-de-la-skoda-superb-iv-hybride-rechargeable-en-details\/","title":{"rendered":"Les tarifs de la Skoda Superb iV hybride rechargeable en d\u00e9tails"},"content":{"rendered":"<p><img loading=\"lazy\" decoding=\"async\" class=\"attachment-186x124  wp-post-image aligncenter\" src=\"https:\/\/news.evearly.com\/wp-content\/uploads\/2019\/09\/les-tarifs-de-la-skoda-superb-iv-hybride-rechargeable-en-details.jpg\" alt=\"\" width=\"230\" height=\"152\"><\/p>\n<p>La gamme de la Skoda Superb iV hybride rechargeable berline d\u00e9marre \u00e0 39.950 euros (Finition Business). Pour comparaison, les mod\u00e8les essence et diesel d\u00e9butent respectivement \u00e0 32.850 et 34.950 euros.&nbsp;<a href=\"https:\/\/www.automobile-propre.com\/breves\/les-tarifs-de-la-skoda-superb-iv-hybride-rechargeable-en-details\/\" target=\"_blank\" rel=\"noopener noreferrer\">Lire la suite&#8230;<\/a><\/p>\n","protected":false},"excerpt":{"rendered":"<br \/>\n<table>\n<tr>\n<td style=\"width:210px\"><a href=\"https:\/\/www.automobile-propre.com\/breves\/les-tarifs-de-la-skoda-superb-iv-hybride-rechargeable-en-details\/\"><img loading=\"lazy\" decoding=\"async\" width=\"186\" height=\"124\" src=\"https:\/\/news.evearly.com\/wp-content\/uploads\/2019\/09\/les-tarifs-de-la-skoda-superb-iv-hybride-rechargeable-en-details.jpg\" class=\"attachment-186x124 size-186x124 wp-post-image\" alt=\"\" \/><\/td>\n<td style=\"vertical-align:top\">La gamme de la Skoda Superb iV hybride rechargeable berline d\u00e9marre \u00e0 39.950 euros (Finition Business). Pour comparaison, les mod\u00e8les essence et diesel d\u00e9butent respectivement \u00e0 32.850 et 34.950 euros.<\/td>\n<\/tr>\n<\/table>\n<p>L\u2019article <a rel=\"nofollow\" href=\"https:\/\/www.automobile-propre.com\/breves\/les-tarifs-de-la-skoda-superb-iv-hybride-rechargeable-en-details\/\">Les tarifs de la Skoda Superb iV hybride rechargeable en d\u00e9tails<\/a> est apparu en premier sur <a rel=\"nofollow\" href=\"https:\/\/www.automobile-propre.com\">Automobile Propre<\/a>.<\/p>\n<p>  <a class=\"continue-reading-link\" href=\"https:\/\/www.evearly.news\/fr\/les-tarifs-de-la-skoda-superb-iv-hybride-rechargeable-en-details\/\"><\/a><\/p>\n","protected":false},"author":8,"featured_media":0,"comment_status":"closed","ping_status":"closed","sticky":false,"template":"","format":"standard","meta":{"footnotes":""},"categories":[8],"tags":[],"class_list":["post-4753","post","type-post","status-publish","format-standard","hentry","category-automobile-propre"],"_links":{"self":[{"href":"https:\/\/www.evearly.news\/fr\/wp-json\/wp\/v2\/posts\/4753","targetHints":{"allow":["GET"]}}],"collection":[{"href":"https:\/\/www.evearly.news\/fr\/wp-json\/wp\/v2\/posts"}],"about":[{"href":"https:\/\/www.evearly.news\/fr\/wp-json\/wp\/v2\/types\/post"}],"author":[{"embeddable":true,"href":"https:\/\/www.evearly.news\/fr\/wp-json\/wp\/v2\/users\/8"}],"replies":[{"embeddable":true,"href":"https:\/\/www.evearly.news\/fr\/wp-json\/wp\/v2\/comments?post=4753"}],"version-history":[{"count":0,"href":"https:\/\/www.evearly.news\/fr\/wp-json\/wp\/v2\/posts\/4753\/revisions"}],"wp:attachment":[{"href":"https:\/\/www.evearly.news\/fr\/wp-json\/wp\/v2\/media?parent=4753"}],"wp:term":[{"taxonomy":"category","embeddable":true,"href":"https:\/\/www.evearly.news\/fr\/wp-json\/wp\/v2\/categories?post=4753"},{"taxonomy":"post_tag","embeddable":true,"href":"https:\/\/www.evearly.news\/fr\/wp-json\/wp\/v2\/tags?post=4753"}],"curies":[{"name":"wp","href":"https:\/\/api.w.org\/{rel}","templated":true}]}}