{"id":4757,"date":"2019-09-27T11:38:25","date_gmt":"2019-09-27T09:38:25","guid":{"rendered":"https:\/\/www.automobile-propre.com\/?post_type=breves&amp;p=80154"},"modified":"2019-09-27T11:38:25","modified_gmt":"2019-09-27T09:38:25","slug":"mia-la-petite-electrique-francaise-va-ressusciter-en-hongrie","status":"publish","type":"post","link":"https:\/\/www.evearly.news\/fr\/mia-la-petite-electrique-francaise-va-ressusciter-en-hongrie\/","title":{"rendered":"Mia : la petite \u00e9lectrique fran\u00e7aise va ressusciter en Hongrie"},"content":{"rendered":"<p><img loading=\"lazy\" decoding=\"async\" class=\"attachment-186x124  wp-post-image aligncenter\" src=\"https:\/\/news.evearly.com\/wp-content\/uploads\/2019\/09\/mia-la-petite-electrique-francaise-va-ressusciter-en-hongrie.jpg\" alt=\"\" width=\"230\" height=\"152\"><\/p>\n<p>Nous savions d\u00e9j\u00e0 que le constructeur suisse Fox Automotive projetait la relance sur le march\u00e9 de l\u2019embl\u00e9matique Mia. Dans un r\u00e9cent communiqu\u00e9 il annonce maintenant l\u2019implantation d\u2019une ligne de production en Hongrie. Les premiers exemplaires de s\u00e9rie de la nouvelle Mia EV 2.0 sont promis pour le printemps 2020. <a href=\"https:\/\/www.automobile-propre.com\/breves\/la-mia-va-ressusciter-en-hongrie\/\" target=\"_blank\" rel=\"noopener noreferrer\">Lire la suite&#8230;<\/a><\/p>\n","protected":false},"excerpt":{"rendered":"<br \/>\n<table>\n<tr>\n<td style=\"width:210px\"><a href=\"https:\/\/www.automobile-propre.com\/breves\/la-mia-va-ressusciter-en-hongrie\/\"><img loading=\"lazy\" decoding=\"async\" width=\"186\" height=\"124\" src=\"https:\/\/news.evearly.com\/wp-content\/uploads\/2019\/09\/mia-la-petite-electrique-francaise-va-ressusciter-en-hongrie.jpg\" class=\"attachment-186x124 size-186x124 wp-post-image\" alt=\"\" \/><\/td>\n<td style=\"vertical-align:top\">Nous savions d\u00e9j\u00e0 que le constructeur suisse Fox Automotive projetait la relance sur le march\u00e9 de l\u2019embl\u00e9matique Mia. Dans un r\u00e9cent communiqu\u00e9 il annonce maintenant l\u2019implantation d\u2019une ligne de production en Hongrie. Les premiers exemplaires de s\u00e9rie de la nouvelle Mia EV 2.0 sont promis pour le printemps 2020.<\/td>\n<\/tr>\n<\/table>\n<p>L\u2019article <a rel=\"nofollow\" href=\"https:\/\/www.automobile-propre.com\/breves\/la-mia-va-ressusciter-en-hongrie\/\">Mia : la petite \u00e9lectrique fran\u00e7aise va ressusciter en Hongrie<\/a> est apparu en premier sur <a rel=\"nofollow\" href=\"https:\/\/www.automobile-propre.com\">Automobile Propre<\/a>.<\/p>\n<p>  <a class=\"continue-reading-link\" href=\"https:\/\/www.evearly.news\/fr\/mia-la-petite-electrique-francaise-va-ressusciter-en-hongrie\/\"><\/a><\/p>\n","protected":false},"author":8,"featured_media":0,"comment_status":"closed","ping_status":"closed","sticky":false,"template":"","format":"standard","meta":{"footnotes":""},"categories":[8],"tags":[],"class_list":["post-4757","post","type-post","status-publish","format-standard","hentry","category-automobile-propre"],"_links":{"self":[{"href":"https:\/\/www.evearly.news\/fr\/wp-json\/wp\/v2\/posts\/4757","targetHints":{"allow":["GET"]}}],"collection":[{"href":"https:\/\/www.evearly.news\/fr\/wp-json\/wp\/v2\/posts"}],"about":[{"href":"https:\/\/www.evearly.news\/fr\/wp-json\/wp\/v2\/types\/post"}],"author":[{"embeddable":true,"href":"https:\/\/www.evearly.news\/fr\/wp-json\/wp\/v2\/users\/8"}],"replies":[{"embeddable":true,"href":"https:\/\/www.evearly.news\/fr\/wp-json\/wp\/v2\/comments?post=4757"}],"version-history":[{"count":0,"href":"https:\/\/www.evearly.news\/fr\/wp-json\/wp\/v2\/posts\/4757\/revisions"}],"wp:attachment":[{"href":"https:\/\/www.evearly.news\/fr\/wp-json\/wp\/v2\/media?parent=4757"}],"wp:term":[{"taxonomy":"category","embeddable":true,"href":"https:\/\/www.evearly.news\/fr\/wp-json\/wp\/v2\/categories?post=4757"},{"taxonomy":"post_tag","embeddable":true,"href":"https:\/\/www.evearly.news\/fr\/wp-json\/wp\/v2\/tags?post=4757"}],"curies":[{"name":"wp","href":"https:\/\/api.w.org\/{rel}","templated":true}]}}