{"id":4857,"date":"2019-09-25T02:00:00","date_gmt":"2019-09-25T00:00:00","guid":{"rendered":"http:\/\/$url_article"},"modified":"2019-09-25T02:00:00","modified_gmt":"2019-09-25T00:00:00","slug":"strasbourg-va-interdire-la-circulation-des-vehicules-diesel-en-2025","status":"publish","type":"post","link":"https:\/\/www.evearly.news\/fr\/strasbourg-va-interdire-la-circulation-des-vehicules-diesel-en-2025\/","title":{"rendered":"Strasbourg va interdire la circulation des v\u00e9hicules diesel en 2025"},"content":{"rendered":"\n<figure class=\"wp-block-image size-large\"><img decoding=\"async\" src=\"https:\/\/news.evearly.com\/wp-content\/uploads\/2019\/09\/x1569494972d5706a6013b8.jpeg\" alt=\"\" class=\"wp-image-4958\" \/><\/figure>\n\n\n<p>R\u00e9uni ce lundi 23 septembre, le conseil municipal de Strasbourg a valid\u00e9 la mise en \u0153uvre d\u2019un calendrier progressif conduisant \u00e0 l\u2019interdiction totale des v\u00e9hicules diesel \u00e0 compter de 2025. <a href=\"http:\/\/www.avere-france.org\/Site\/Article\/?article_id=7703\" target=\"_blank\" rel=\"noopener noreferrer\">Lire la suite&#8230;<\/a><\/p>","protected":false},"excerpt":{"rendered":"<p> R\u00e9uni ce lundi 23 septembre, le conseil municipal de Strasbourg a valid\u00e9 la mise en \u0153uvre d\u2019un calendrier progressif conduisant \u00e0 l\u2019interdiction totale des v\u00e9hicules diesel \u00e0 compter de 2025.  <a class=\"continue-reading-link\" href=\"https:\/\/www.evearly.news\/fr\/strasbourg-va-interdire-la-circulation-des-vehicules-diesel-en-2025\/\"><\/a><\/p>\n","protected":false},"author":10,"featured_media":0,"comment_status":"closed","ping_status":"closed","sticky":false,"template":"","format":"standard","meta":{"footnotes":""},"categories":[9],"tags":[],"class_list":["post-4857","post","type-post","status-publish","format-standard","hentry","category-avere-france"],"_links":{"self":[{"href":"https:\/\/www.evearly.news\/fr\/wp-json\/wp\/v2\/posts\/4857","targetHints":{"allow":["GET"]}}],"collection":[{"href":"https:\/\/www.evearly.news\/fr\/wp-json\/wp\/v2\/posts"}],"about":[{"href":"https:\/\/www.evearly.news\/fr\/wp-json\/wp\/v2\/types\/post"}],"author":[{"embeddable":true,"href":"https:\/\/www.evearly.news\/fr\/wp-json\/wp\/v2\/users\/10"}],"replies":[{"embeddable":true,"href":"https:\/\/www.evearly.news\/fr\/wp-json\/wp\/v2\/comments?post=4857"}],"version-history":[{"count":0,"href":"https:\/\/www.evearly.news\/fr\/wp-json\/wp\/v2\/posts\/4857\/revisions"}],"wp:attachment":[{"href":"https:\/\/www.evearly.news\/fr\/wp-json\/wp\/v2\/media?parent=4857"}],"wp:term":[{"taxonomy":"category","embeddable":true,"href":"https:\/\/www.evearly.news\/fr\/wp-json\/wp\/v2\/categories?post=4857"},{"taxonomy":"post_tag","embeddable":true,"href":"https:\/\/www.evearly.news\/fr\/wp-json\/wp\/v2\/tags?post=4857"}],"curies":[{"name":"wp","href":"https:\/\/api.w.org\/{rel}","templated":true}]}}