{"id":4918,"date":"2019-09-26T02:00:00","date_gmt":"2019-09-26T00:00:00","guid":{"rendered":"http:\/\/$url_article"},"modified":"2019-09-26T02:00:00","modified_gmt":"2019-09-26T00:00:00","slug":"refonte-du-credit-dimpot-transition-energetique-vers-un-forfait-de-300-euros-pour-les-bornes-de-recharge","status":"publish","type":"post","link":"https:\/\/www.evearly.news\/fr\/refonte-du-credit-dimpot-transition-energetique-vers-un-forfait-de-300-euros-pour-les-bornes-de-recharge\/","title":{"rendered":"Refonte du cr\u00e9dit d\u2019imp\u00f4t transition \u00e9nerg\u00e9tique : vers un forfait de 300 euros pour les bornes de recharge"},"content":{"rendered":"\n<figure class=\"wp-block-image size-large\"><img decoding=\"async\" src=\"https:\/\/news.evearly.com\/wp-content\/uploads\/2019\/09\/x15695737406d34e3928c7e362ec52ff1ad8e3b76ad-0509.jpg.pagespeed.ic_.E7cfEQF4jb.jpeg\" alt=\"\" class=\"wp-image-4953\" \/><\/figure>\n\n\n<p>Annonc\u00e9 il y a d\u00e9j\u00e0 plusieurs mois, le cr\u00e9dit d\u2019imp\u00f4t \u00e0 la transition \u00e9nerg\u00e9tique va \u00eatre r\u00e9form\u00e9 dans le cadre du projet de loi de finances 2020 avec une transformation progressive en prime. Alors qu\u2019il couvre aujourd\u2019hui 30 % des co\u00fbts d\u2019acquisition d\u2019une borne de &#8230; <a href=\"http:\/\/www.avere-france.org\/Site\/Article\/?article_id=7704\" target=\"_blank\" rel=\"noopener noreferrer\">Lire la suite&#8230;<\/a><\/p>","protected":false},"excerpt":{"rendered":"<p> Annonc\u00e9 il y a d\u00e9j\u00e0 plusieurs mois, le cr\u00e9dit d\u2019imp\u00f4t \u00e0 la transition \u00e9nerg\u00e9tique va \u00eatre r\u00e9form\u00e9 dans le cadre du projet de loi de finances 2020 avec une transformation progressive en prime. Alors qu\u2019il couvre aujourd\u2019hui 30 % des co\u00fbts d\u2019acquisition d\u2019une borne de rec  <a class=\"continue-reading-link\" href=\"https:\/\/www.evearly.news\/fr\/refonte-du-credit-dimpot-transition-energetique-vers-un-forfait-de-300-euros-pour-les-bornes-de-recharge\/\"><\/a><\/p>\n","protected":false},"author":10,"featured_media":0,"comment_status":"closed","ping_status":"closed","sticky":false,"template":"","format":"standard","meta":{"footnotes":""},"categories":[9],"tags":[],"class_list":["post-4918","post","type-post","status-publish","format-standard","hentry","category-avere-france"],"_links":{"self":[{"href":"https:\/\/www.evearly.news\/fr\/wp-json\/wp\/v2\/posts\/4918","targetHints":{"allow":["GET"]}}],"collection":[{"href":"https:\/\/www.evearly.news\/fr\/wp-json\/wp\/v2\/posts"}],"about":[{"href":"https:\/\/www.evearly.news\/fr\/wp-json\/wp\/v2\/types\/post"}],"author":[{"embeddable":true,"href":"https:\/\/www.evearly.news\/fr\/wp-json\/wp\/v2\/users\/10"}],"replies":[{"embeddable":true,"href":"https:\/\/www.evearly.news\/fr\/wp-json\/wp\/v2\/comments?post=4918"}],"version-history":[{"count":0,"href":"https:\/\/www.evearly.news\/fr\/wp-json\/wp\/v2\/posts\/4918\/revisions"}],"wp:attachment":[{"href":"https:\/\/www.evearly.news\/fr\/wp-json\/wp\/v2\/media?parent=4918"}],"wp:term":[{"taxonomy":"category","embeddable":true,"href":"https:\/\/www.evearly.news\/fr\/wp-json\/wp\/v2\/categories?post=4918"},{"taxonomy":"post_tag","embeddable":true,"href":"https:\/\/www.evearly.news\/fr\/wp-json\/wp\/v2\/tags?post=4918"}],"curies":[{"name":"wp","href":"https:\/\/api.w.org\/{rel}","templated":true}]}}