{"id":5281,"date":"2019-09-27T02:00:00","date_gmt":"2019-09-27T00:00:00","guid":{"rendered":"http:\/\/$url_article"},"modified":"2019-09-27T02:00:00","modified_gmt":"2019-09-27T00:00:00","slug":"les-velos-electriques-de-veligo-arrivent-en-ile-de-france","status":"publish","type":"post","link":"https:\/\/www.evearly.news\/fr\/les-velos-electriques-de-veligo-arrivent-en-ile-de-france\/","title":{"rendered":"Les v\u00e9los \u00e9lectriques de V\u00e9ligo arrivent en Ile-de-France"},"content":{"rendered":"\n<figure class=\"wp-block-image size-large\"><img decoding=\"async\" src=\"https:\/\/news.evearly.com\/wp-content\/uploads\/2019\/10\/veligo-location.jpg\" alt=\"\" class=\"wp-image-5348\" \/><\/figure>\n\n\n<p>La r\u00e9gion Ile-de-France acc\u00e9l\u00e8re sur le v\u00e9lo \u00e0 assistance \u00e9lectrique ! Lanc\u00e9 ce mois-ci, V\u00e9ligo propose 10 000 deux-roues \u00e9lectrifi\u00e9s en location longue dur\u00e9e \u00e0 l\u2019ensemble des habitants de la r\u00e9gion. Une flotte qui sera port\u00e9e \u00e0 20 000 unit\u00e9s au regard du succ\u00e8s d\u00e9j\u00e0&#8230; <a href=\"http:\/\/www.avere-france.org\/Site\/Article\/?article_id=7705\" target=\"_blank\" rel=\"noopener noreferrer\">Lire la suite&#8230;<\/a><\/p>","protected":false},"excerpt":{"rendered":"<p> La r\u00e9gion Ile-de-France acc\u00e9l\u00e8re sur le v\u00e9lo \u00e0 assistance \u00e9lectrique ! Lanc\u00e9 ce mois-ci, V\u00e9ligo propose 10 000 deux-roues \u00e9lectrifi\u00e9s en location longue dur\u00e9e \u00e0 l\u2019ensemble des habitants de la r\u00e9gion. Une flotte qui sera port\u00e9e \u00e0 20 000 unit\u00e9s au regard du succ\u00e8s d\u00e9j\u00e0 re  <a class=\"continue-reading-link\" href=\"https:\/\/www.evearly.news\/fr\/les-velos-electriques-de-veligo-arrivent-en-ile-de-france\/\"><\/a><\/p>\n","protected":false},"author":10,"featured_media":0,"comment_status":"closed","ping_status":"closed","sticky":false,"template":"","format":"standard","meta":{"footnotes":""},"categories":[9],"tags":[],"class_list":["post-5281","post","type-post","status-publish","format-standard","hentry","category-avere-france"],"_links":{"self":[{"href":"https:\/\/www.evearly.news\/fr\/wp-json\/wp\/v2\/posts\/5281","targetHints":{"allow":["GET"]}}],"collection":[{"href":"https:\/\/www.evearly.news\/fr\/wp-json\/wp\/v2\/posts"}],"about":[{"href":"https:\/\/www.evearly.news\/fr\/wp-json\/wp\/v2\/types\/post"}],"author":[{"embeddable":true,"href":"https:\/\/www.evearly.news\/fr\/wp-json\/wp\/v2\/users\/10"}],"replies":[{"embeddable":true,"href":"https:\/\/www.evearly.news\/fr\/wp-json\/wp\/v2\/comments?post=5281"}],"version-history":[{"count":0,"href":"https:\/\/www.evearly.news\/fr\/wp-json\/wp\/v2\/posts\/5281\/revisions"}],"wp:attachment":[{"href":"https:\/\/www.evearly.news\/fr\/wp-json\/wp\/v2\/media?parent=5281"}],"wp:term":[{"taxonomy":"category","embeddable":true,"href":"https:\/\/www.evearly.news\/fr\/wp-json\/wp\/v2\/categories?post=5281"},{"taxonomy":"post_tag","embeddable":true,"href":"https:\/\/www.evearly.news\/fr\/wp-json\/wp\/v2\/tags?post=5281"}],"curies":[{"name":"wp","href":"https:\/\/api.w.org\/{rel}","templated":true}]}}