{"id":5392,"date":"2019-10-01T10:14:05","date_gmt":"2019-10-01T08:14:05","guid":{"rendered":"http:\/\/www.avem.fr\/actualite-b-e-green-s-equipe-de-minibus-electriques-jest-de-karsan-7669.html"},"modified":"2023-08-17T19:12:04","modified_gmt":"2023-08-17T19:12:04","slug":"b-e-green-sequipe-de-minibus-electriques-jest-de-karsan","status":"publish","type":"post","link":"https:\/\/www.evearly.news\/fr\/b-e-green-sequipe-de-minibus-electriques-jest-de-karsan\/","title":{"rendered":"B.E. green s&rsquo;\u00e9quipe de minibus \u00e9lectriques Jest de Karsan"},"content":{"rendered":"\n<figure class=\"wp-block-image size-large\"><img decoding=\"async\" src=\"https:\/\/news.evearly.com\/wp-content\/uploads\/2019\/10\/2019101101359.jpg\" alt=\"\" class=\"wp-image-5421\" \/><\/figure>\n\n\n<p>C&rsquo;est une flotte de 8 exemplaires de ce v\u00e9hicule de 22 places de capacit\u00e9 (10 assises + 12 debout) qui a \u00e9t\u00e9 acquise par la filiale des Autocars Dominique. Six sont affect\u00e9s \u00e0 des lignes r\u00e9guli\u00e8res. GMP de BMW i3 Dans les entrailles du Karsan Jest EV, un groupe motopropulseur de BMW i3. Le minibus \u00e9lectrique peut recevoir 1 ou 2 batteries de 44 kWh de capacit\u00e9 \u00e9nerg\u00e9tique, pour une&#8230; <a href=\"http:\/\/www.avem.fr\/actualite-b-e-green-s-equipe-de-minibus-electriques-jest-de-karsan-7669.html\" target=\"_blank\" rel=\"noopener noreferrer\">Lire la suite&#8230;<\/a><\/p>","protected":false},"excerpt":{"rendered":"<p> <img src='http:\/\/www.avem.fr\/img\/news\/\/moyen\/2019101101359.jpg'>C&rsquo;est une flotte de 8 exemplaires de ce v\u00e9hicule de 22 places de capacit\u00e9 (10 assises + 12 debout) qui a \u00e9t\u00e9 acquise par la filiale des Autocars Dominique. Six sont affect\u00e9s \u00e0 des lignes r\u00e9guli\u00e8res. GMP de BMW i3 Dans les entrailles du Karsan Jest EV, un groupe motopropulseur de BMW i3. Le minibus \u00e9lectrique peut recevoir 1 ou 2 batteries de 44 kWh de capacit\u00e9 \u00e9nerg\u00e9tique, pour une&#8230;  <a class=\"continue-reading-link\" href=\"https:\/\/www.evearly.news\/fr\/b-e-green-sequipe-de-minibus-electriques-jest-de-karsan\/\"><\/a><\/p>\n","protected":false},"author":3,"featured_media":0,"comment_status":"closed","ping_status":"closed","sticky":false,"template":"","format":"standard","meta":{"footnotes":""},"categories":[3],"tags":[],"class_list":["post-5392","post","type-post","status-publish","format-standard","hentry","category-avem"],"_links":{"self":[{"href":"https:\/\/www.evearly.news\/fr\/wp-json\/wp\/v2\/posts\/5392","targetHints":{"allow":["GET"]}}],"collection":[{"href":"https:\/\/www.evearly.news\/fr\/wp-json\/wp\/v2\/posts"}],"about":[{"href":"https:\/\/www.evearly.news\/fr\/wp-json\/wp\/v2\/types\/post"}],"author":[{"embeddable":true,"href":"https:\/\/www.evearly.news\/fr\/wp-json\/wp\/v2\/users\/3"}],"replies":[{"embeddable":true,"href":"https:\/\/www.evearly.news\/fr\/wp-json\/wp\/v2\/comments?post=5392"}],"version-history":[{"count":1,"href":"https:\/\/www.evearly.news\/fr\/wp-json\/wp\/v2\/posts\/5392\/revisions"}],"predecessor-version":[{"id":257487,"href":"https:\/\/www.evearly.news\/fr\/wp-json\/wp\/v2\/posts\/5392\/revisions\/257487"}],"wp:attachment":[{"href":"https:\/\/www.evearly.news\/fr\/wp-json\/wp\/v2\/media?parent=5392"}],"wp:term":[{"taxonomy":"category","embeddable":true,"href":"https:\/\/www.evearly.news\/fr\/wp-json\/wp\/v2\/categories?post=5392"},{"taxonomy":"post_tag","embeddable":true,"href":"https:\/\/www.evearly.news\/fr\/wp-json\/wp\/v2\/tags?post=5392"}],"curies":[{"name":"wp","href":"https:\/\/api.w.org\/{rel}","templated":true}]}}