{"id":5407,"date":"2019-10-01T15:34:13","date_gmt":"2019-10-01T13:34:13","guid":{"rendered":"http:\/\/www.avem.fr\/actualite-le-smart-parksharing-pour-voiture-electrique-arrive-en-france-7670.html"},"modified":"2023-08-17T19:12:02","modified_gmt":"2023-08-17T19:12:02","slug":"le-smart-parksharing-pour-voiture-electrique-arrive-en-france","status":"publish","type":"post","link":"https:\/\/www.evearly.news\/fr\/le-smart-parksharing-pour-voiture-electrique-arrive-en-france\/","title":{"rendered":"Le Smart Parksharing pour voiture \u00e9lectrique arrive en France"},"content":{"rendered":"\n<figure class=\"wp-block-image size-large\"><img decoding=\"async\" src=\"https:\/\/news.evearly.com\/wp-content\/uploads\/2019\/10\/2019101153348.jpg\" alt=\"\" class=\"wp-image-5416\" \/><\/figure>\n\n\n<p>Port\u00e9 par Zenpark, EDF et Batig\u00e8re en Ile-de-France, cette architecture permet \u00e0 des \u00e9lectromobiliens, locataires ou non de l&rsquo;immeuble, de partager une place de parking et son point de recharge pour v\u00e9hicules \u00e9lectriques. Une premi\u00e8re en Europe selon les partenaires. Smart Parksharing Le Smart Parksharing, c&rsquo;est une nouvelle offre que compte d\u00e9velopper d\u00e8s d\u00e9cembre prochain Zenpark dans des&#8230; <a href=\"http:\/\/www.avem.fr\/actualite-le-smart-parksharing-pour-voiture-electrique-arrive-en-france-7670.html\" target=\"_blank\" rel=\"noopener noreferrer\">Lire la suite&#8230;<\/a><\/p>","protected":false},"excerpt":{"rendered":"<p> <img src='http:\/\/www.avem.fr\/img\/news\/\/moyen\/2019101153348.jpg'>Port\u00e9 par Zenpark, EDF et Batig\u00e8re en Ile-de-France, cette architecture permet \u00e0 des \u00e9lectromobiliens, locataires ou non de l&rsquo;immeuble, de partager une place de parking et son point de recharge pour v\u00e9hicules \u00e9lectriques. Une premi\u00e8re en Europe selon les partenaires. Smart Parksharing Le Smart Parksharing, c&rsquo;est une nouvelle offre que compte d\u00e9velopper d\u00e8s d\u00e9cembre prochain Zenpark dans des&#8230;  <a class=\"continue-reading-link\" href=\"https:\/\/www.evearly.news\/fr\/le-smart-parksharing-pour-voiture-electrique-arrive-en-france\/\"><\/a><\/p>\n","protected":false},"author":3,"featured_media":0,"comment_status":"closed","ping_status":"closed","sticky":false,"template":"","format":"standard","meta":{"footnotes":""},"categories":[3],"tags":[],"class_list":["post-5407","post","type-post","status-publish","format-standard","hentry","category-avem"],"_links":{"self":[{"href":"https:\/\/www.evearly.news\/fr\/wp-json\/wp\/v2\/posts\/5407","targetHints":{"allow":["GET"]}}],"collection":[{"href":"https:\/\/www.evearly.news\/fr\/wp-json\/wp\/v2\/posts"}],"about":[{"href":"https:\/\/www.evearly.news\/fr\/wp-json\/wp\/v2\/types\/post"}],"author":[{"embeddable":true,"href":"https:\/\/www.evearly.news\/fr\/wp-json\/wp\/v2\/users\/3"}],"replies":[{"embeddable":true,"href":"https:\/\/www.evearly.news\/fr\/wp-json\/wp\/v2\/comments?post=5407"}],"version-history":[{"count":1,"href":"https:\/\/www.evearly.news\/fr\/wp-json\/wp\/v2\/posts\/5407\/revisions"}],"predecessor-version":[{"id":257486,"href":"https:\/\/www.evearly.news\/fr\/wp-json\/wp\/v2\/posts\/5407\/revisions\/257486"}],"wp:attachment":[{"href":"https:\/\/www.evearly.news\/fr\/wp-json\/wp\/v2\/media?parent=5407"}],"wp:term":[{"taxonomy":"category","embeddable":true,"href":"https:\/\/www.evearly.news\/fr\/wp-json\/wp\/v2\/categories?post=5407"},{"taxonomy":"post_tag","embeddable":true,"href":"https:\/\/www.evearly.news\/fr\/wp-json\/wp\/v2\/tags?post=5407"}],"curies":[{"name":"wp","href":"https:\/\/api.w.org\/{rel}","templated":true}]}}