{"id":55115,"date":"2020-07-11T08:46:32","date_gmt":"2020-07-11T06:46:32","guid":{"rendered":"https:\/\/www.automobile-propre.com\/?post_type=breves&amp;p=94146"},"modified":"2020-07-11T08:46:32","modified_gmt":"2020-07-11T06:46:32","slug":"lvec-vn5-lutilitaire-electrique-a-grande-autonomie-sera-lance-en-mars-2021","status":"publish","type":"post","link":"https:\/\/www.evearly.news\/fr\/lvec-vn5-lutilitaire-electrique-a-grande-autonomie-sera-lance-en-mars-2021\/","title":{"rendered":"LVEC VN5 : l\u2019utilitaire \u00e9lectrique \u00e0 grande autonomie sera lanc\u00e9 en mars 2021"},"content":{"rendered":"<p><img decoding=\"async\" src=\"https:\/\/www.automobile-propre.com\/wp-content\/uploads\/2020\/07\/levc-vn5-02-1200x800.jpg\" \/>Pr\u00e9sents sur tous les segments, les constructeurs chinois arrivent en force sur le march\u00e9 europ\u00e9en. Chez LEVC, une marque du groupe Geely, c\u2019est le nouvel utilitaire VN5 qui est au c\u0153ur de l\u2019actualit\u00e9. <a style=\"font-size: inherit\" href=\"https:\/\/www.automobile-propre.com\/breves\/lvec-vn5-lutilitaire-hybride-rechargeable-sera-lance-en-mars-2021\/\" target=\"_blank\" rel=\"noopener noreferrer\">Lire la suite&#8230;<\/a><\/p>\n","protected":false},"excerpt":{"rendered":"<table>\n<tr>\n<td style=\"width:210px\"><a href=\"https:\/\/www.automobile-propre.com\/breves\/lvec-vn5-lutilitaire-hybride-rechargeable-sera-lance-en-mars-2021\/\"><img loading=\"lazy\" decoding=\"async\" width=\"186\" height=\"124\" src=\"https:\/\/news.evearly.com\/wp-content\/uploads\/2020\/07\/lvec-vn5-lutilitaire-electrique-a-grande-autonomie-sera-lance-en-mars-2021-7.jpg\" class=\"attachment-186x124 size-186x124 wp-post-image\" alt=\"\" \/><\/td>\n<td style=\"vertical-align:top\">D\u00e9riv\u00e9 du taxi \u00e9lectrique TX, d\u00e9j\u00e0 d\u00e9ploy\u00e9 \u00e0 Londres et \u00e0 Paris, le LVEC VN5 est d\u2019ores et d\u00e9j\u00e0 disponible \u00e0 la commande sur le march\u00e9 britannique. Pour le reste de l\u2019Europe, il sera propos\u00e9 \u00e0 partir de mars 2021.<\/td>\n<\/tr>\n<\/table>\n<p>L\u2019article <a rel=\"nofollow\" href=\"https:\/\/www.automobile-propre.com\/breves\/lvec-vn5-lutilitaire-hybride-rechargeable-sera-lance-en-mars-2021\/\">LVEC VN5 : l\u2019utilitaire \u00e9lectrique \u00e0 grande autonomie sera lanc\u00e9 en mars 2021<\/a> est apparu en premier sur <a rel=\"nofollow\" href=\"https:\/\/www.automobile-propre.com\">Automobile Propre<\/a>.<\/p>\n<p>  <a class=\"continue-reading-link\" href=\"https:\/\/www.evearly.news\/fr\/lvec-vn5-lutilitaire-electrique-a-grande-autonomie-sera-lance-en-mars-2021\/\"><\/a><\/p>\n","protected":false},"author":8,"featured_media":0,"comment_status":"closed","ping_status":"closed","sticky":false,"template":"","format":"standard","meta":{"footnotes":""},"categories":[8],"tags":[],"class_list":["post-55115","post","type-post","status-publish","format-standard","hentry","category-automobile-propre"],"_links":{"self":[{"href":"https:\/\/www.evearly.news\/fr\/wp-json\/wp\/v2\/posts\/55115","targetHints":{"allow":["GET"]}}],"collection":[{"href":"https:\/\/www.evearly.news\/fr\/wp-json\/wp\/v2\/posts"}],"about":[{"href":"https:\/\/www.evearly.news\/fr\/wp-json\/wp\/v2\/types\/post"}],"author":[{"embeddable":true,"href":"https:\/\/www.evearly.news\/fr\/wp-json\/wp\/v2\/users\/8"}],"replies":[{"embeddable":true,"href":"https:\/\/www.evearly.news\/fr\/wp-json\/wp\/v2\/comments?post=55115"}],"version-history":[{"count":0,"href":"https:\/\/www.evearly.news\/fr\/wp-json\/wp\/v2\/posts\/55115\/revisions"}],"wp:attachment":[{"href":"https:\/\/www.evearly.news\/fr\/wp-json\/wp\/v2\/media?parent=55115"}],"wp:term":[{"taxonomy":"category","embeddable":true,"href":"https:\/\/www.evearly.news\/fr\/wp-json\/wp\/v2\/categories?post=55115"},{"taxonomy":"post_tag","embeddable":true,"href":"https:\/\/www.evearly.news\/fr\/wp-json\/wp\/v2\/tags?post=55115"}],"curies":[{"name":"wp","href":"https:\/\/api.w.org\/{rel}","templated":true}]}}