{"id":57729,"date":"2020-07-31T06:11:28","date_gmt":"2020-07-31T04:11:28","guid":{"rendered":"https:\/\/www.automobile-propre.com\/?p=95128"},"modified":"2020-07-31T06:11:28","modified_gmt":"2020-07-31T04:11:28","slug":"volkswagen-id-3-prix-finitions-equipements-ce-quil-faut-savoir","status":"publish","type":"post","link":"https:\/\/www.evearly.news\/fr\/volkswagen-id-3-prix-finitions-equipements-ce-quil-faut-savoir\/","title":{"rendered":"Volkswagen ID.3\u00a0: prix, finitions, \u00e9quipements\u2026 ce qu\u2019il faut savoir\u00a0!"},"content":{"rendered":"<p><img loading=\"lazy\" decoding=\"async\" class=\"alignnone size-full wp-image-79314\" src=\"https:\/\/news.evearly.com\/wp-content\/uploads\/2020\/07\/volkswagen-id-3-prix-finitions-equipements-ce-quil-faut-savoir.jpg\" alt=\"\" width=\"1400\" height=\"770\" \/>Six semaines apr\u00e8s avoir ouvert les commandes de l\u2019ID.3 1ST, une s\u00e9rie limit\u00e9e r\u00e9serv\u00e9e aux personnes ayant r\u00e9alis\u00e9 une pr\u00e9commande, Volkswagen ouvre \u00e0 tous sa nouvelle compacte \u00e9lectrique. D\u00e9clin\u00e9e en deux configurations batteries et en cinq niveaux de finitions, la Volkswagen ID.3 d\u00e9bute \u00e0 partir de 37.990 \u20ac hors bonus sur le march\u00e9 fran\u00e7ais. <a style=\"font-size: inherit\" href=\"https:\/\/www.automobile-propre.com\/volkswagen-id-3-prix-finitions-equipements-ce-quil-faut-savoir\/\" target=\"_blank\" rel=\"noopener noreferrer\">Lire la suite&#8230;<\/a><\/p>\n","protected":false},"excerpt":{"rendered":"<table>\n<tr>\n<td style=\"width:210px\"><a href=\"https:\/\/www.automobile-propre.com\/volkswagen-id-3-prix-finitions-equipements-ce-quil-faut-savoir\/\"><img loading=\"lazy\" decoding=\"async\" width=\"186\" height=\"124\" src=\"https:\/\/news.evearly.com\/wp-content\/uploads\/2020\/07\/volkswagen-id-3-prix-finitions-equipements-ce-quil-faut-savoir-6.jpg\" class=\"attachment-186x124 size-186x124 wp-post-image\" alt=\"\" \/><\/td>\n<td style=\"vertical-align:top\">Six semaines apr\u00e8s avoir ouvert les commandes de l&rsquo;ID.3 1ST, une s\u00e9rie limit\u00e9e r\u00e9serv\u00e9e aux personnes ayant r\u00e9alis\u00e9 une pr\u00e9commande, Volkswagen ouvre \u00e0 tous sa nouvelle compacte \u00e9lectrique. D\u00e9clin\u00e9e en deux configurations batteries et cinq niveaux de finitions, la Volkswagen ID.3 d\u00e9bute \u00e0 partir de 37.990 \u20ac hors bonus sur le march\u00e9 fran\u00e7ais. Explications&#8230;<\/td>\n<\/tr>\n<\/table>\n<p>L\u2019article <a rel=\"nofollow\" href=\"https:\/\/www.automobile-propre.com\/volkswagen-id-3-prix-finitions-equipements-ce-quil-faut-savoir\/\">Volkswagen ID.3\u00a0: prix, finitions, \u00e9quipements\u2026 ce qu\u2019il faut savoir\u00a0!<\/a> est apparu en premier sur <a rel=\"nofollow\" href=\"https:\/\/www.automobile-propre.com\">Automobile Propre<\/a>.<\/p>\n<p>  <a class=\"continue-reading-link\" href=\"https:\/\/www.evearly.news\/fr\/volkswagen-id-3-prix-finitions-equipements-ce-quil-faut-savoir\/\"><\/a><\/p>\n","protected":false},"author":8,"featured_media":0,"comment_status":"closed","ping_status":"closed","sticky":false,"template":"","format":"standard","meta":{"footnotes":""},"categories":[8],"tags":[],"class_list":["post-57729","post","type-post","status-publish","format-standard","hentry","category-automobile-propre"],"_links":{"self":[{"href":"https:\/\/www.evearly.news\/fr\/wp-json\/wp\/v2\/posts\/57729","targetHints":{"allow":["GET"]}}],"collection":[{"href":"https:\/\/www.evearly.news\/fr\/wp-json\/wp\/v2\/posts"}],"about":[{"href":"https:\/\/www.evearly.news\/fr\/wp-json\/wp\/v2\/types\/post"}],"author":[{"embeddable":true,"href":"https:\/\/www.evearly.news\/fr\/wp-json\/wp\/v2\/users\/8"}],"replies":[{"embeddable":true,"href":"https:\/\/www.evearly.news\/fr\/wp-json\/wp\/v2\/comments?post=57729"}],"version-history":[{"count":0,"href":"https:\/\/www.evearly.news\/fr\/wp-json\/wp\/v2\/posts\/57729\/revisions"}],"wp:attachment":[{"href":"https:\/\/www.evearly.news\/fr\/wp-json\/wp\/v2\/media?parent=57729"}],"wp:term":[{"taxonomy":"category","embeddable":true,"href":"https:\/\/www.evearly.news\/fr\/wp-json\/wp\/v2\/categories?post=57729"},{"taxonomy":"post_tag","embeddable":true,"href":"https:\/\/www.evearly.news\/fr\/wp-json\/wp\/v2\/tags?post=57729"}],"curies":[{"name":"wp","href":"https:\/\/api.w.org\/{rel}","templated":true}]}}