{"id":57757,"date":"2020-07-31T10:07:12","date_gmt":"2020-07-31T08:07:12","guid":{"rendered":"https:\/\/www.automobile-propre.com\/?post_type=breves&amp;p=95144"},"modified":"2020-07-31T10:07:12","modified_gmt":"2020-07-31T08:07:12","slug":"clap-de-fin-pour-les-bollore-bluecar-partagees-de-lyon-et-bordeaux","status":"publish","type":"post","link":"https:\/\/www.evearly.news\/fr\/clap-de-fin-pour-les-bollore-bluecar-partagees-de-lyon-et-bordeaux\/","title":{"rendered":"Clap de fin pour les Bollor\u00e9 Bluecar partag\u00e9es de Lyon et Bordeaux"},"content":{"rendered":"<p><img decoding=\"async\" src=\"https:\/\/www.automobile-propre.com\/wp-content\/uploads\/2020\/07\/APA0731_bBluely.jpg\" \/>\u00ab\u00a0<em>Nous sommes malheureusement au regret de vous annoncer que le service Bluely\/Bluecub prendra d\u00e9finitivement fin le 31 aout 2020 \u00e0 12h00<\/em> \u00bb : Tel est le message qui accueille ce 31 juillet les visiteurs des sites Web d\u00e9di\u00e9s respectifs. <a style=\"font-size: inherit\" href=\"https:\/\/www.automobile-propre.com\/breves\/clap-de-fin-pour-les-bollore-bluecar-partagees-de-lyon-et-bordeaux\/\" target=\"_blank\" rel=\"noopener noreferrer\">Lire la suite&#8230;<\/a><\/p>\n","protected":false},"excerpt":{"rendered":"<table>\n<tr>\n<td style=\"width:210px\"><a href=\"https:\/\/www.automobile-propre.com\/breves\/clap-de-fin-pour-les-bollore-bluecar-partagees-de-lyon-et-bordeaux\/\"><img loading=\"lazy\" decoding=\"async\" width=\"186\" height=\"124\" src=\"https:\/\/news.evearly.com\/wp-content\/uploads\/2020\/07\/clap-de-fin-pour-les-bollore-bluecar-partagees-de-lyon-et-bordeaux.jpg\" class=\"attachment-186x124 size-186x124 wp-post-image\" alt=\"\" \/><\/td>\n<td style=\"vertical-align:top\">Apr\u00e8s Paris et tout r\u00e9cemment Indianapolis aux Etats-Unis, les citadines \u00e9lectriques partag\u00e9es de Bollor\u00e9 vont se retirer des m\u00e9tropoles lyonnaise et bordelaise.<\/td>\n<\/tr>\n<\/table>\n<p>L\u2019article <a rel=\"nofollow\" href=\"https:\/\/www.automobile-propre.com\/breves\/clap-de-fin-pour-les-bollore-bluecar-partagees-de-lyon-et-bordeaux\/\">Clap de fin pour les Bollor\u00e9 Bluecar partag\u00e9es de Lyon et Bordeaux<\/a> est apparu en premier sur <a rel=\"nofollow\" href=\"https:\/\/www.automobile-propre.com\">Automobile Propre<\/a>.<\/p>\n<p>  <a class=\"continue-reading-link\" href=\"https:\/\/www.evearly.news\/fr\/clap-de-fin-pour-les-bollore-bluecar-partagees-de-lyon-et-bordeaux\/\"><\/a><\/p>\n","protected":false},"author":8,"featured_media":0,"comment_status":"closed","ping_status":"closed","sticky":false,"template":"","format":"standard","meta":{"footnotes":""},"categories":[8],"tags":[],"class_list":["post-57757","post","type-post","status-publish","format-standard","hentry","category-automobile-propre"],"_links":{"self":[{"href":"https:\/\/www.evearly.news\/fr\/wp-json\/wp\/v2\/posts\/57757","targetHints":{"allow":["GET"]}}],"collection":[{"href":"https:\/\/www.evearly.news\/fr\/wp-json\/wp\/v2\/posts"}],"about":[{"href":"https:\/\/www.evearly.news\/fr\/wp-json\/wp\/v2\/types\/post"}],"author":[{"embeddable":true,"href":"https:\/\/www.evearly.news\/fr\/wp-json\/wp\/v2\/users\/8"}],"replies":[{"embeddable":true,"href":"https:\/\/www.evearly.news\/fr\/wp-json\/wp\/v2\/comments?post=57757"}],"version-history":[{"count":0,"href":"https:\/\/www.evearly.news\/fr\/wp-json\/wp\/v2\/posts\/57757\/revisions"}],"wp:attachment":[{"href":"https:\/\/www.evearly.news\/fr\/wp-json\/wp\/v2\/media?parent=57757"}],"wp:term":[{"taxonomy":"category","embeddable":true,"href":"https:\/\/www.evearly.news\/fr\/wp-json\/wp\/v2\/categories?post=57757"},{"taxonomy":"post_tag","embeddable":true,"href":"https:\/\/www.evearly.news\/fr\/wp-json\/wp\/v2\/tags?post=57757"}],"curies":[{"name":"wp","href":"https:\/\/api.w.org\/{rel}","templated":true}]}}