{"id":57759,"date":"2020-07-30T17:51:34","date_gmt":"2020-07-30T15:51:34","guid":{"rendered":"https:\/\/www.automobile-propre.com\/?post_type=breves&amp;p=95074"},"modified":"2020-07-30T17:51:34","modified_gmt":"2020-07-30T15:51:34","slug":"izera-quand-la-pologne-se-lance-dans-la-voiture-electrique","status":"publish","type":"post","link":"https:\/\/www.evearly.news\/fr\/izera-quand-la-pologne-se-lance-dans-la-voiture-electrique\/","title":{"rendered":"Izera : quand la Pologne se lance dans la voiture \u00e9lectrique"},"content":{"rendered":"<p><img decoding=\"async\" src=\"https:\/\/www.automobile-propre.com\/wp-content\/uploads\/2020\/07\/izero-01.jpg\" \/>Partant du constat que la Pologne ne b\u00e9n\u00e9ficiait pas de constructeur automobile malgr\u00e9 sa superficie et ses quelque 38 millions d\u2019habitants, Electromobility Poland a d\u00e9cid\u00e9 de se lancer dans l\u2019aventure en annon\u00e7ant la cr\u00e9ation d\u2019une nouvelle marque \u00ab 100 % polonaise \u00bb. <a style=\"font-size: inherit\" href=\"https:\/\/www.automobile-propre.com\/breves\/izera-quand-la-pologne-se-lance-dans-la-voiture-electrique\/\" target=\"_blank\" rel=\"noopener noreferrer\">Lire la suite&#8230;<\/a><\/p>\n","protected":false},"excerpt":{"rendered":"<table>\n<tr>\n<td style=\"width:210px\"><a href=\"https:\/\/www.automobile-propre.com\/breves\/izera-quand-la-pologne-se-lance-dans-la-voiture-electrique\/\"><img loading=\"lazy\" decoding=\"async\" width=\"186\" height=\"124\" src=\"https:\/\/news.evearly.com\/wp-content\/uploads\/2020\/07\/izera-quand-la-pologne-se-lance-dans-la-voiture-electrique-187.jpg\" class=\"attachment-186x124 size-186x124 wp-post-image\" alt=\"\" \/><\/td>\n<td style=\"vertical-align:top\">Pr\u00e9sent\u00e9e comme la premi\u00e8re marque automobile 100 % polonaise, Izera vient de lever le voile sur ses deux premiers mod\u00e8les. Premi\u00e8res livraisons attendues en 2023.<\/td>\n<\/tr>\n<\/table>\n<p>L\u2019article <a rel=\"nofollow\" href=\"https:\/\/www.automobile-propre.com\/breves\/izera-quand-la-pologne-se-lance-dans-la-voiture-electrique\/\">Izera : quand la Pologne se lance dans la voiture \u00e9lectrique<\/a> est apparu en premier sur <a rel=\"nofollow\" href=\"https:\/\/www.automobile-propre.com\">Automobile Propre<\/a>.<\/p>\n<p>  <a class=\"continue-reading-link\" href=\"https:\/\/www.evearly.news\/fr\/izera-quand-la-pologne-se-lance-dans-la-voiture-electrique\/\"><\/a><\/p>\n","protected":false},"author":8,"featured_media":0,"comment_status":"closed","ping_status":"closed","sticky":false,"template":"","format":"standard","meta":{"footnotes":""},"categories":[8],"tags":[],"class_list":["post-57759","post","type-post","status-publish","format-standard","hentry","category-automobile-propre"],"_links":{"self":[{"href":"https:\/\/www.evearly.news\/fr\/wp-json\/wp\/v2\/posts\/57759","targetHints":{"allow":["GET"]}}],"collection":[{"href":"https:\/\/www.evearly.news\/fr\/wp-json\/wp\/v2\/posts"}],"about":[{"href":"https:\/\/www.evearly.news\/fr\/wp-json\/wp\/v2\/types\/post"}],"author":[{"embeddable":true,"href":"https:\/\/www.evearly.news\/fr\/wp-json\/wp\/v2\/users\/8"}],"replies":[{"embeddable":true,"href":"https:\/\/www.evearly.news\/fr\/wp-json\/wp\/v2\/comments?post=57759"}],"version-history":[{"count":0,"href":"https:\/\/www.evearly.news\/fr\/wp-json\/wp\/v2\/posts\/57759\/revisions"}],"wp:attachment":[{"href":"https:\/\/www.evearly.news\/fr\/wp-json\/wp\/v2\/media?parent=57759"}],"wp:term":[{"taxonomy":"category","embeddable":true,"href":"https:\/\/www.evearly.news\/fr\/wp-json\/wp\/v2\/categories?post=57759"},{"taxonomy":"post_tag","embeddable":true,"href":"https:\/\/www.evearly.news\/fr\/wp-json\/wp\/v2\/tags?post=57759"}],"curies":[{"name":"wp","href":"https:\/\/api.w.org\/{rel}","templated":true}]}}