{"id":59157,"date":"2020-08-08T16:27:16","date_gmt":"2020-08-08T14:27:16","guid":{"rendered":"https:\/\/www.automobile-propre.com\/?p=95504"},"modified":"2020-08-08T16:27:16","modified_gmt":"2020-08-08T14:27:16","slug":"cadillac-lyriq-le-suv-electrique-se-montre-sous-sa-forme-presque-definitive","status":"publish","type":"post","link":"https:\/\/www.evearly.news\/fr\/cadillac-lyriq-le-suv-electrique-se-montre-sous-sa-forme-presque-definitive\/","title":{"rendered":"Cadillac Lyriq : le SUV \u00e9lectrique se montre sous sa forme (presque) d\u00e9finitive"},"content":{"rendered":"<p><img loading=\"lazy\" decoding=\"async\" class=\"size-full wp-image-95487\" src=\"https:\/\/news.evearly.com\/wp-content\/uploads\/2020\/08\/cadillac-lyriq-le-suv-electrique-se-montre-sous-sa-forme-presque-definitive.jpg\" alt=\"\" width=\"1200\" height=\"800\" aria-describedby=\"caption-attachment-95487\" \/>Cadillac a longtemps \u00e9t\u00e9 r\u00e9put\u00e9e pour ses m\u00e9caniques \u00e0 essence d\u00e9mesur\u00e9es, \u00e0 la hauteur des carrosseries de ses voitures. L\u00e9g\u00e8rement rang\u00e9e aux oubliettes, la marque am\u00e9ricaine semble avoir trouv\u00e9 sa nouvelle voie et se placera comme la marque de luxe et fer de lance \u00e9lectrique du groupe General Motors. <a style=\"font-size: inherit\" href=\"https:\/\/www.automobile-propre.com\/cadillac-lyriq-le-suv-electrique-se-montre-sous-sa-forme-presque-definitive\/\" target=\"_blank\" rel=\"noopener noreferrer\">Lire la suite&#8230;<\/a><\/p>\n","protected":false},"excerpt":{"rendered":"<table>\n<tr>\n<td style=\"width:210px\"><a href=\"https:\/\/www.automobile-propre.com\/cadillac-lyriq-le-suv-electrique-se-montre-sous-sa-forme-presque-definitive\/\"><img loading=\"lazy\" decoding=\"async\" width=\"186\" height=\"124\" src=\"https:\/\/news.evearly.com\/wp-content\/uploads\/2020\/08\/cadillac-lyriq-le-suv-electrique-se-montre-sous-sa-forme-presque-definitive-24.jpg\" class=\"attachment-186x124 size-186x124 wp-post-image\" alt=\"\" \/><\/td>\n<td style=\"vertical-align:top\">R\u00e9put\u00e9e pour l\u2019ostentation de ses m\u00e9caniques thermiques, Cadillac change son fusil d\u2019\u00e9paule et entre dans l\u2019\u00e8re \u00e9lectrique. Le Cadillac Lyriq inaugure ce nouveau chapitre.<\/td>\n<\/tr>\n<\/table>\n<p>L\u2019article <a rel=\"nofollow\" href=\"https:\/\/www.automobile-propre.com\/cadillac-lyriq-le-suv-electrique-se-montre-sous-sa-forme-presque-definitive\/\">Cadillac Lyriq : le SUV \u00e9lectrique se montre sous sa forme (presque) d\u00e9finitive<\/a> est apparu en premier sur <a rel=\"nofollow\" href=\"https:\/\/www.automobile-propre.com\">Automobile Propre<\/a>.<\/p>\n<p>  <a class=\"continue-reading-link\" href=\"https:\/\/www.evearly.news\/fr\/cadillac-lyriq-le-suv-electrique-se-montre-sous-sa-forme-presque-definitive\/\"><\/a><\/p>\n","protected":false},"author":8,"featured_media":0,"comment_status":"closed","ping_status":"closed","sticky":false,"template":"","format":"standard","meta":{"footnotes":""},"categories":[8],"tags":[],"class_list":["post-59157","post","type-post","status-publish","format-standard","hentry","category-automobile-propre"],"_links":{"self":[{"href":"https:\/\/www.evearly.news\/fr\/wp-json\/wp\/v2\/posts\/59157","targetHints":{"allow":["GET"]}}],"collection":[{"href":"https:\/\/www.evearly.news\/fr\/wp-json\/wp\/v2\/posts"}],"about":[{"href":"https:\/\/www.evearly.news\/fr\/wp-json\/wp\/v2\/types\/post"}],"author":[{"embeddable":true,"href":"https:\/\/www.evearly.news\/fr\/wp-json\/wp\/v2\/users\/8"}],"replies":[{"embeddable":true,"href":"https:\/\/www.evearly.news\/fr\/wp-json\/wp\/v2\/comments?post=59157"}],"version-history":[{"count":0,"href":"https:\/\/www.evearly.news\/fr\/wp-json\/wp\/v2\/posts\/59157\/revisions"}],"wp:attachment":[{"href":"https:\/\/www.evearly.news\/fr\/wp-json\/wp\/v2\/media?parent=59157"}],"wp:term":[{"taxonomy":"category","embeddable":true,"href":"https:\/\/www.evearly.news\/fr\/wp-json\/wp\/v2\/categories?post=59157"},{"taxonomy":"post_tag","embeddable":true,"href":"https:\/\/www.evearly.news\/fr\/wp-json\/wp\/v2\/tags?post=59157"}],"curies":[{"name":"wp","href":"https:\/\/api.w.org\/{rel}","templated":true}]}}