{"id":59217,"date":"2020-08-09T10:13:46","date_gmt":"2020-08-09T08:13:46","guid":{"rendered":"https:\/\/www.automobile-propre.com\/?p=95525"},"modified":"2020-08-09T10:13:46","modified_gmt":"2020-08-09T08:13:46","slug":"voiture-electrique-et-ventes-par-departement-le-classement-2019","status":"publish","type":"post","link":"https:\/\/www.evearly.news\/fr\/voiture-electrique-et-ventes-par-departement-le-classement-2019\/","title":{"rendered":"Voiture \u00e9lectrique et ventes par d\u00e9partement : le classement 2019"},"content":{"rendered":"<p><img loading=\"lazy\" decoding=\"async\" class=\"alignnone size-full wp-image-94247\" src=\"https:\/\/news.evearly.com\/wp-content\/uploads\/2020\/08\/voiture-electrique-et-ventes-par-departement-le-classement-2019.jpg\" alt=\"\" width=\"1280\" height=\"720\" \/>Durant l\u2019ann\u00e9e 2019, plus de 40 000 v\u00e9hicules 100 % \u00e9lectriques furent immatricul\u00e9s en France repr\u00e9sentant pr\u00e8s de 2 % du total des v\u00e9hicules particuliers. Avec les chiffres communiqu\u00e9s par le Minist\u00e8re de l\u2019environnement, Automobile Propre fait le point sur les immatriculations par d\u00e9partement. <a style=\"font-size: inherit\" href=\"https:\/\/www.automobile-propre.com\/voiture-electrique-ventes-departement-classement-2019\/\" target=\"_blank\" rel=\"noopener noreferrer\">Lire la suite&#8230;<\/a><\/p>\n","protected":false},"excerpt":{"rendered":"<table>\n<tr>\n<td style=\"width:210px\"><a href=\"https:\/\/www.automobile-propre.com\/voiture-electrique-ventes-departement-classement-2019\/\"><img loading=\"lazy\" decoding=\"async\" width=\"186\" height=\"124\" src=\"https:\/\/news.evearly.com\/wp-content\/uploads\/2020\/08\/voiture-electrique-et-ventes-par-departement-le-classement-2019-4.jpg\" class=\"attachment-186x124 size-186x124 wp-post-image\" alt=\"\" \/><\/td>\n<td style=\"vertical-align:top\">Durant l\u2019ann\u00e9e 2019, plus de 40\u00a0000 v\u00e9hicules 100 % \u00e9lectriques furent immatricul\u00e9s en France repr\u00e9sentant pr\u00e8s de 2 % du total des v\u00e9hicules particuliers. Avec les chiffres communiqu\u00e9s par le Minist\u00e8re de l\u2019environnement, Automobile Propre fait le point sur les immatriculations par d\u00e9partement.<\/td>\n<\/tr>\n<\/table>\n<p>L\u2019article <a rel=\"nofollow\" href=\"https:\/\/www.automobile-propre.com\/voiture-electrique-ventes-departement-classement-2019\/\">Voiture \u00e9lectrique et ventes par d\u00e9partement : le classement 2019<\/a> est apparu en premier sur <a rel=\"nofollow\" href=\"https:\/\/www.automobile-propre.com\">Automobile Propre<\/a>.<\/p>\n<p>  <a class=\"continue-reading-link\" href=\"https:\/\/www.evearly.news\/fr\/voiture-electrique-et-ventes-par-departement-le-classement-2019\/\"><\/a><\/p>\n","protected":false},"author":8,"featured_media":0,"comment_status":"closed","ping_status":"closed","sticky":false,"template":"","format":"standard","meta":{"footnotes":""},"categories":[8],"tags":[],"class_list":["post-59217","post","type-post","status-publish","format-standard","hentry","category-automobile-propre"],"_links":{"self":[{"href":"https:\/\/www.evearly.news\/fr\/wp-json\/wp\/v2\/posts\/59217","targetHints":{"allow":["GET"]}}],"collection":[{"href":"https:\/\/www.evearly.news\/fr\/wp-json\/wp\/v2\/posts"}],"about":[{"href":"https:\/\/www.evearly.news\/fr\/wp-json\/wp\/v2\/types\/post"}],"author":[{"embeddable":true,"href":"https:\/\/www.evearly.news\/fr\/wp-json\/wp\/v2\/users\/8"}],"replies":[{"embeddable":true,"href":"https:\/\/www.evearly.news\/fr\/wp-json\/wp\/v2\/comments?post=59217"}],"version-history":[{"count":0,"href":"https:\/\/www.evearly.news\/fr\/wp-json\/wp\/v2\/posts\/59217\/revisions"}],"wp:attachment":[{"href":"https:\/\/www.evearly.news\/fr\/wp-json\/wp\/v2\/media?parent=59217"}],"wp:term":[{"taxonomy":"category","embeddable":true,"href":"https:\/\/www.evearly.news\/fr\/wp-json\/wp\/v2\/categories?post=59217"},{"taxonomy":"post_tag","embeddable":true,"href":"https:\/\/www.evearly.news\/fr\/wp-json\/wp\/v2\/tags?post=59217"}],"curies":[{"name":"wp","href":"https:\/\/api.w.org\/{rel}","templated":true}]}}