{"id":59219,"date":"2020-08-09T12:09:42","date_gmt":"2020-08-09T10:09:42","guid":{"rendered":"https:\/\/www.automobile-propre.com\/?post_type=breves&amp;p=95539"},"modified":"2020-08-09T12:09:42","modified_gmt":"2020-08-09T10:09:42","slug":"voiture-electrique-bentley-prepare-un-moteur-revolutionnaire","status":"publish","type":"post","link":"https:\/\/www.evearly.news\/fr\/voiture-electrique-bentley-prepare-un-moteur-revolutionnaire\/","title":{"rendered":"Voiture \u00e9lectrique\u00a0: Bentley pr\u00e9pare un moteur r\u00e9volutionnaire"},"content":{"rendered":"<p><img decoding=\"async\" src=\"https:\/\/www.automobile-propre.com\/wp-content\/uploads\/2020\/08\/bentley-electric-motor-01.jpg\" \/>Baptis\u00e9 Octopus (<strong>O<\/strong>ptimised <strong>C<\/strong>omponents, <strong>T<\/strong>est and simulati<strong>O<\/strong>n, toolkits for <strong>P<\/strong>owertrains which integrate <strong>U<\/strong>ltra high-speed motor <strong>S<\/strong>olutions), le programme associe Bentley \u00e0 9 autres partenaires. Etal\u00e9 sur trois ans et financ\u00e9 par OLEV, un organisme d\u2019\u00e9tat britannique d\u00e9di\u00e9 aux v\u00e9hicules \u00e0 faibles \u00e9missions, il pr\u00e9voit le d\u00e9veloppement d\u2019une nouvelle g\u00e9n\u00e9ration de moteur \u00e9lectrique. <a style=\"font-size: inherit\" href=\"https:\/\/www.automobile-propre.com\/breves\/voiture-electrique-bentley-prepare-un-moteur-revolutionnaire\/\" target=\"_blank\" rel=\"noopener noreferrer\">Lire la suite&#8230;<\/a><\/p>\n","protected":false},"excerpt":{"rendered":"<table>\n<tr>\n<td style=\"width:210px\"><a href=\"https:\/\/www.automobile-propre.com\/breves\/voiture-electrique-bentley-prepare-un-moteur-revolutionnaire\/\"><img loading=\"lazy\" decoding=\"async\" width=\"186\" height=\"124\" src=\"https:\/\/news.evearly.com\/wp-content\/uploads\/2020\/08\/voiture-electrique-bentley-prepare-un-moteur-revolutionnaire-1.jpg\" class=\"attachment-186x124 size-186x124 wp-post-image\" alt=\"\" \/><\/td>\n<td style=\"vertical-align:top\">Pr\u00e9parant l&rsquo;arriv\u00e9e de son premier mod\u00e8le 100 % \u00e9lectrique, le constructeur anglais veut d\u00e9velopper une nouvelle g\u00e9n\u00e9ration de moteurs \u00e9lectriques d\u00e9pourvue de terres rares.<\/td>\n<\/tr>\n<\/table>\n<p>L\u2019article <a rel=\"nofollow\" href=\"https:\/\/www.automobile-propre.com\/breves\/voiture-electrique-bentley-prepare-un-moteur-revolutionnaire\/\">Voiture \u00e9lectrique\u00a0: Bentley pr\u00e9pare un moteur r\u00e9volutionnaire<\/a> est apparu en premier sur <a rel=\"nofollow\" href=\"https:\/\/www.automobile-propre.com\">Automobile Propre<\/a>.<\/p>\n<p>  <a class=\"continue-reading-link\" href=\"https:\/\/www.evearly.news\/fr\/voiture-electrique-bentley-prepare-un-moteur-revolutionnaire\/\"><\/a><\/p>\n","protected":false},"author":8,"featured_media":0,"comment_status":"closed","ping_status":"closed","sticky":false,"template":"","format":"standard","meta":{"footnotes":""},"categories":[8],"tags":[],"class_list":["post-59219","post","type-post","status-publish","format-standard","hentry","category-automobile-propre"],"_links":{"self":[{"href":"https:\/\/www.evearly.news\/fr\/wp-json\/wp\/v2\/posts\/59219","targetHints":{"allow":["GET"]}}],"collection":[{"href":"https:\/\/www.evearly.news\/fr\/wp-json\/wp\/v2\/posts"}],"about":[{"href":"https:\/\/www.evearly.news\/fr\/wp-json\/wp\/v2\/types\/post"}],"author":[{"embeddable":true,"href":"https:\/\/www.evearly.news\/fr\/wp-json\/wp\/v2\/users\/8"}],"replies":[{"embeddable":true,"href":"https:\/\/www.evearly.news\/fr\/wp-json\/wp\/v2\/comments?post=59219"}],"version-history":[{"count":0,"href":"https:\/\/www.evearly.news\/fr\/wp-json\/wp\/v2\/posts\/59219\/revisions"}],"wp:attachment":[{"href":"https:\/\/www.evearly.news\/fr\/wp-json\/wp\/v2\/media?parent=59219"}],"wp:term":[{"taxonomy":"category","embeddable":true,"href":"https:\/\/www.evearly.news\/fr\/wp-json\/wp\/v2\/categories?post=59219"},{"taxonomy":"post_tag","embeddable":true,"href":"https:\/\/www.evearly.news\/fr\/wp-json\/wp\/v2\/tags?post=59219"}],"curies":[{"name":"wp","href":"https:\/\/api.w.org\/{rel}","templated":true}]}}