{"id":59375,"date":"2020-08-10T10:07:50","date_gmt":"2020-08-10T08:07:50","guid":{"rendered":"https:\/\/www.automobile-propre.com\/?post_type=breves&amp;p=95545"},"modified":"2020-08-10T10:07:50","modified_gmt":"2020-08-10T08:07:50","slug":"ioniq-sera-le-nouveau-label-electrique-de-hyundai","status":"publish","type":"post","link":"https:\/\/www.evearly.news\/fr\/ioniq-sera-le-nouveau-label-electrique-de-hyundai\/","title":{"rendered":"Ioniq sera le nouveau label \u00e9lectrique de Hyundai"},"content":{"rendered":"<p><img decoding=\"async\" src=\"https:\/\/www.automobile-propre.com\/wp-content\/uploads\/2020\/08\/Hyundai-Ioniq-5-Ioniq-6-Ioniq-7-Concept-1200x675.jpg\" alt=\"Hyundai Ioniq 5 Ioniq 6 Ioniq 7 Concept\" \/>Baptiser des mod\u00e8les \u00e9lectriques est un casse-t\u00eate pour certaines marques automobiles. Faut-il les int\u00e9grer \u00e0 la gamme existante ou faire classe \u00e0 part ? Pour Hyundai, l\u2019affaire a \u00e9t\u00e9 tranch\u00e9e, avec une sous-marque d\u00e9di\u00e9e \u00e0 ce genre de v\u00e9hicules. <a style=\"font-size: inherit\" href=\"https:\/\/www.automobile-propre.com\/breves\/ioniq-nouveau-label-electrique-hyundai\/\" target=\"_blank\" rel=\"noopener noreferrer\">Lire la suite&#8230;<\/a><\/p>\n","protected":false},"excerpt":{"rendered":"<table>\n<tr>\n<td style=\"width:210px\"><a href=\"https:\/\/www.automobile-propre.com\/breves\/ioniq-nouveau-label-electrique-hyundai\/\"><img loading=\"lazy\" decoding=\"async\" width=\"186\" height=\"124\" src=\"https:\/\/news.evearly.com\/wp-content\/uploads\/2020\/08\/ioniq-sera-le-nouveau-label-electrique-de-hyundai-1.jpg\" class=\"attachment-186x124 size-186x124 wp-post-image\" alt=\"Hyundai Ioniq 5 Ioniq 6 Ioniq 7 Concept\" \/><\/td>\n<td style=\"vertical-align:top\">Pour distinguer ses trois prochaines voitures \u00e9lectriques, dont un crossover pr\u00e9vu d\u00e8s 2021, le constructeur cor\u00e9en Hyundai leur affectera le patronyme Ioniq.<\/td>\n<\/tr>\n<\/table>\n<p>L\u2019article <a rel=\"nofollow\" href=\"https:\/\/www.automobile-propre.com\/breves\/ioniq-nouveau-label-electrique-hyundai\/\">Ioniq sera le nouveau label \u00e9lectrique de Hyundai<\/a> est apparu en premier sur <a rel=\"nofollow\" href=\"https:\/\/www.automobile-propre.com\">Automobile Propre<\/a>.<\/p>\n<p>  <a class=\"continue-reading-link\" href=\"https:\/\/www.evearly.news\/fr\/ioniq-sera-le-nouveau-label-electrique-de-hyundai\/\"><\/a><\/p>\n","protected":false},"author":8,"featured_media":0,"comment_status":"closed","ping_status":"closed","sticky":false,"template":"","format":"standard","meta":{"footnotes":""},"categories":[8],"tags":[],"class_list":["post-59375","post","type-post","status-publish","format-standard","hentry","category-automobile-propre"],"_links":{"self":[{"href":"https:\/\/www.evearly.news\/fr\/wp-json\/wp\/v2\/posts\/59375","targetHints":{"allow":["GET"]}}],"collection":[{"href":"https:\/\/www.evearly.news\/fr\/wp-json\/wp\/v2\/posts"}],"about":[{"href":"https:\/\/www.evearly.news\/fr\/wp-json\/wp\/v2\/types\/post"}],"author":[{"embeddable":true,"href":"https:\/\/www.evearly.news\/fr\/wp-json\/wp\/v2\/users\/8"}],"replies":[{"embeddable":true,"href":"https:\/\/www.evearly.news\/fr\/wp-json\/wp\/v2\/comments?post=59375"}],"version-history":[{"count":0,"href":"https:\/\/www.evearly.news\/fr\/wp-json\/wp\/v2\/posts\/59375\/revisions"}],"wp:attachment":[{"href":"https:\/\/www.evearly.news\/fr\/wp-json\/wp\/v2\/media?parent=59375"}],"wp:term":[{"taxonomy":"category","embeddable":true,"href":"https:\/\/www.evearly.news\/fr\/wp-json\/wp\/v2\/categories?post=59375"},{"taxonomy":"post_tag","embeddable":true,"href":"https:\/\/www.evearly.news\/fr\/wp-json\/wp\/v2\/tags?post=59375"}],"curies":[{"name":"wp","href":"https:\/\/api.w.org\/{rel}","templated":true}]}}