{"id":59514,"date":"2020-08-11T18:55:28","date_gmt":"2020-08-11T16:55:28","guid":{"rendered":"https:\/\/www.automobile-propre.com\/?post_type=breves&amp;p=95630"},"modified":"2020-08-11T18:55:28","modified_gmt":"2020-08-11T16:55:28","slug":"ford-kuga-phev-le-suv-hybride-au-rappel-pour-un-risque-dincendie","status":"publish","type":"post","link":"https:\/\/www.evearly.news\/fr\/ford-kuga-phev-le-suv-hybride-au-rappel-pour-un-risque-dincendie\/","title":{"rendered":"Ford Kuga PHEV : le SUV hybride au rappel pour un risque d\u2019incendie"},"content":{"rendered":"<p><img decoding=\"async\" src=\"https:\/\/www.automobile-propre.com\/wp-content\/uploads\/2019\/04\/ford-kuga-phev-0004-730x457.jpg\" \/>En cause, le connecteur haute tension du module de recharge de la batterie situ\u00e9 sous le v\u00e9hicule. En d\u00e9pit de la protection qui recouvre cet \u00e9l\u00e9ment, il peut se retrouver endommag\u00e9 et provoquer une surchauffe. <a style=\"font-size: inherit\" href=\"https:\/\/www.automobile-propre.com\/breves\/ford-kuga-phev-le-suv-hybride-au-rappel-pour-un-risque-dincendie\/\" target=\"_blank\" rel=\"noopener noreferrer\">Lire la suite&#8230;<\/a><\/p>\n","protected":false},"excerpt":{"rendered":"<table>\n<tr>\n<td style=\"width:210px\"><a href=\"https:\/\/www.automobile-propre.com\/breves\/ford-kuga-phev-le-suv-hybride-au-rappel-pour-un-risque-dincendie\/\"><img loading=\"lazy\" decoding=\"async\" width=\"186\" height=\"124\" src=\"https:\/\/news.evearly.com\/wp-content\/uploads\/2020\/08\/ford-kuga-phev-le-suv-hybride-au-rappel-pour-un-risque-dincendie.jpg\" class=\"attachment-186x124 size-186x124 wp-post-image\" alt=\"\" \/><\/td>\n<td style=\"vertical-align:top\">Cette op\u00e9ration de rappel concerne pas loin de 28.000 exemplaires de l\u2019engin, fabriqu\u00e9s \u00e0 l\u2019usine espagnole de Valence, entre le 1er juillet 2019 et le 25 juin 2020.<\/td>\n<\/tr>\n<\/table>\n<p>L\u2019article <a rel=\"nofollow\" href=\"https:\/\/www.automobile-propre.com\/breves\/ford-kuga-phev-le-suv-hybride-au-rappel-pour-un-risque-dincendie\/\">Ford Kuga PHEV : le SUV hybride au rappel pour un risque d\u2019incendie<\/a> est apparu en premier sur <a rel=\"nofollow\" href=\"https:\/\/www.automobile-propre.com\">Automobile Propre<\/a>.<\/p>\n<p>  <a class=\"continue-reading-link\" href=\"https:\/\/www.evearly.news\/fr\/ford-kuga-phev-le-suv-hybride-au-rappel-pour-un-risque-dincendie\/\"><\/a><\/p>\n","protected":false},"author":8,"featured_media":0,"comment_status":"closed","ping_status":"closed","sticky":false,"template":"","format":"standard","meta":{"footnotes":""},"categories":[8],"tags":[],"class_list":["post-59514","post","type-post","status-publish","format-standard","hentry","category-automobile-propre"],"_links":{"self":[{"href":"https:\/\/www.evearly.news\/fr\/wp-json\/wp\/v2\/posts\/59514","targetHints":{"allow":["GET"]}}],"collection":[{"href":"https:\/\/www.evearly.news\/fr\/wp-json\/wp\/v2\/posts"}],"about":[{"href":"https:\/\/www.evearly.news\/fr\/wp-json\/wp\/v2\/types\/post"}],"author":[{"embeddable":true,"href":"https:\/\/www.evearly.news\/fr\/wp-json\/wp\/v2\/users\/8"}],"replies":[{"embeddable":true,"href":"https:\/\/www.evearly.news\/fr\/wp-json\/wp\/v2\/comments?post=59514"}],"version-history":[{"count":0,"href":"https:\/\/www.evearly.news\/fr\/wp-json\/wp\/v2\/posts\/59514\/revisions"}],"wp:attachment":[{"href":"https:\/\/www.evearly.news\/fr\/wp-json\/wp\/v2\/media?parent=59514"}],"wp:term":[{"taxonomy":"category","embeddable":true,"href":"https:\/\/www.evearly.news\/fr\/wp-json\/wp\/v2\/categories?post=59514"},{"taxonomy":"post_tag","embeddable":true,"href":"https:\/\/www.evearly.news\/fr\/wp-json\/wp\/v2\/tags?post=59514"}],"curies":[{"name":"wp","href":"https:\/\/api.w.org\/{rel}","templated":true}]}}