{"id":59522,"date":"2020-08-11T16:19:26","date_gmt":"2020-08-11T14:19:26","guid":{"rendered":"https:\/\/www.auto-moto.com\/?p=246639"},"modified":"2020-08-11T16:19:26","modified_gmt":"2020-08-11T14:19:26","slug":"volkswagen-prepare-un-petit-suv-electrique-baptise-id-2","status":"publish","type":"post","link":"https:\/\/www.evearly.news\/fr\/volkswagen-prepare-un-petit-suv-electrique-baptise-id-2\/","title":{"rendered":"Volkswagen pr\u00e9pare un petit SUV \u00e9lectrique baptis\u00e9 ID.2"},"content":{"rendered":"<p><img decoding=\"async\" src=\"https:\/\/sf2.viepratique.fr\/wp-content\/uploads\/sites\/9\/2020\/07\/volkswagen_id3_first_max8-750x410.jpg\" \/>Comme beaucoup de constructeurs, Volkswagen s\u2019investit particuli\u00e8rement dans l\u2019\u00e9lectrification de sa gamme, alors qu\u2019une amende colossale de 4,50 milliards d\u2019euros lui pend au nez l\u2019ann\u00e9e prochaine. <a style=\"font-size: inherit\" href=\"https:\/\/www.auto-moto.com\/marques-auto\/volkswagen\/actualites-volkswagen\/volkswagen-prepare-petit-suv-electrique-baptise-id-2-246639.html?utm_source=rss_feed&amp;utm_medium=link&amp;utm_campaign=unknown\" target=\"_blank\" rel=\"noopener noreferrer\">Lire la suite&#8230;<\/a><\/p>\n","protected":false},"excerpt":{"rendered":"<p>Apr\u00e8s les ID.3 et ID.4, Volkswagen travaillerait \u00e9galement au d\u00e9veloppement d\u2019un petit SUV \u00e9lectrique accessible, qui serait alors baptis\u00e9 ID.2.<br \/>\nThe post Volkswagen pr\u00e9pare un petit SUV \u00e9lectrique baptis\u00e9 ID.2 appeared first on Auto moto : magazine auto et moto. &#8230; <a class=\"continue-reading-link\" href=\"https:\/\/www.evearly.news\/fr\/volkswagen-prepare-un-petit-suv-electrique-baptise-id-2\/\"><\/a><\/p>\n","protected":false},"author":9,"featured_media":0,"comment_status":"closed","ping_status":"closed","sticky":false,"template":"","format":"standard","meta":{"footnotes":""},"categories":[10],"tags":[],"class_list":["post-59522","post","type-post","status-publish","format-standard","hentry","category-auto-moto-com"],"_links":{"self":[{"href":"https:\/\/www.evearly.news\/fr\/wp-json\/wp\/v2\/posts\/59522","targetHints":{"allow":["GET"]}}],"collection":[{"href":"https:\/\/www.evearly.news\/fr\/wp-json\/wp\/v2\/posts"}],"about":[{"href":"https:\/\/www.evearly.news\/fr\/wp-json\/wp\/v2\/types\/post"}],"author":[{"embeddable":true,"href":"https:\/\/www.evearly.news\/fr\/wp-json\/wp\/v2\/users\/9"}],"replies":[{"embeddable":true,"href":"https:\/\/www.evearly.news\/fr\/wp-json\/wp\/v2\/comments?post=59522"}],"version-history":[{"count":0,"href":"https:\/\/www.evearly.news\/fr\/wp-json\/wp\/v2\/posts\/59522\/revisions"}],"wp:attachment":[{"href":"https:\/\/www.evearly.news\/fr\/wp-json\/wp\/v2\/media?parent=59522"}],"wp:term":[{"taxonomy":"category","embeddable":true,"href":"https:\/\/www.evearly.news\/fr\/wp-json\/wp\/v2\/categories?post=59522"},{"taxonomy":"post_tag","embeddable":true,"href":"https:\/\/www.evearly.news\/fr\/wp-json\/wp\/v2\/tags?post=59522"}],"curies":[{"name":"wp","href":"https:\/\/api.w.org\/{rel}","templated":true}]}}