{"id":59525,"date":"2020-08-12T06:07:59","date_gmt":"2020-08-12T04:07:59","guid":{"rendered":"https:\/\/www.automobile-propre.com\/?p=95553"},"modified":"2020-08-12T06:07:59","modified_gmt":"2020-08-12T04:07:59","slug":"suv-electrique-elle-vient-de-recevoir-son-kia-e-niro-a-47-euros-par-mois","status":"publish","type":"post","link":"https:\/\/www.evearly.news\/fr\/suv-electrique-elle-vient-de-recevoir-son-kia-e-niro-a-47-euros-par-mois\/","title":{"rendered":"SUV \u00e9lectrique : elle vient de recevoir son Kia e-Niro \u00e0 47 euros par mois"},"content":{"rendered":"<p><img loading=\"lazy\" decoding=\"async\" class=\"alignnone size-full wp-image-95634\" src=\"https:\/\/news.evearly.com\/wp-content\/uploads\/2020\/08\/suv-electrique-elle-vient-de-recevoir-son-kia-e-niro-a-47-euros-par-mois.jpg\" alt=\"\" width=\"1200\" height=\"798\" \/><img decoding=\"async\" src=\"https:\/\/www.automobile-propre.com\/wp-content\/uploads\/2020\/08\/Kia-e-Niro-rouge-en-charge.jpg\" \/>Toujours propos\u00e9e par le constructeur cor\u00e9en, l\u2019offre de LLD contre un loyer tr\u00e8s mini a d\u00e9j\u00e0 fait l\u2019objet de nombreux commentaires. A ceux qui pensent qu\u2019il est impossible d\u2019en b\u00e9n\u00e9ficier, la Lilloise Caroline Debray prouve le contraire. <a style=\"font-size: inherit\" href=\"https:\/\/www.automobile-propre.com\/suv-electrique-elle-vient-de-recevoir-son-kia-e-niro-a-47-euros-par-mois\/\" target=\"_blank\" rel=\"noopener noreferrer\">Lire la suite&#8230;<\/a><\/p>\n","protected":false},"excerpt":{"rendered":"<table>\n<tr>\n<td style=\"width:210px\"><a href=\"https:\/\/www.automobile-propre.com\/suv-electrique-elle-vient-de-recevoir-son-kia-e-niro-a-47-euros-par-mois\/\"><img loading=\"lazy\" decoding=\"async\" width=\"186\" height=\"124\" src=\"https:\/\/news.evearly.com\/wp-content\/uploads\/2020\/08\/suv-electrique-elle-vient-de-recevoir-son-kia-e-niro-a-47-euros-par-mois-8.jpg\" class=\"attachment-186x124 size-186x124 wp-post-image\" alt=\"\" \/><\/td>\n<td style=\"vertical-align:top\">Toujours propos\u00e9e par le constructeur cor\u00e9en, l\u2019offre de LLD contre un loyer tr\u00e8s mini a d\u00e9j\u00e0 fait l\u2019objet de nombreux commentaires. A ceux qui pensent qu\u2019il est impossible d\u2019en b\u00e9n\u00e9ficier, la Lilloise Caroline Debray prouve le contraire.<\/td>\n<\/tr>\n<\/table>\n<p>L\u2019article <a rel=\"nofollow\" href=\"https:\/\/www.automobile-propre.com\/suv-electrique-elle-vient-de-recevoir-son-kia-e-niro-a-47-euros-par-mois\/\">SUV \u00e9lectrique : elle vient de recevoir son Kia e-Niro \u00e0 47 euros par mois<\/a> est apparu en premier sur <a rel=\"nofollow\" href=\"https:\/\/www.automobile-propre.com\">Automobile Propre<\/a>.<\/p>\n<p>  <a class=\"continue-reading-link\" href=\"https:\/\/www.evearly.news\/fr\/suv-electrique-elle-vient-de-recevoir-son-kia-e-niro-a-47-euros-par-mois\/\"><\/a><\/p>\n","protected":false},"author":8,"featured_media":0,"comment_status":"closed","ping_status":"closed","sticky":false,"template":"","format":"standard","meta":{"footnotes":""},"categories":[8],"tags":[],"class_list":["post-59525","post","type-post","status-publish","format-standard","hentry","category-automobile-propre"],"_links":{"self":[{"href":"https:\/\/www.evearly.news\/fr\/wp-json\/wp\/v2\/posts\/59525","targetHints":{"allow":["GET"]}}],"collection":[{"href":"https:\/\/www.evearly.news\/fr\/wp-json\/wp\/v2\/posts"}],"about":[{"href":"https:\/\/www.evearly.news\/fr\/wp-json\/wp\/v2\/types\/post"}],"author":[{"embeddable":true,"href":"https:\/\/www.evearly.news\/fr\/wp-json\/wp\/v2\/users\/8"}],"replies":[{"embeddable":true,"href":"https:\/\/www.evearly.news\/fr\/wp-json\/wp\/v2\/comments?post=59525"}],"version-history":[{"count":0,"href":"https:\/\/www.evearly.news\/fr\/wp-json\/wp\/v2\/posts\/59525\/revisions"}],"wp:attachment":[{"href":"https:\/\/www.evearly.news\/fr\/wp-json\/wp\/v2\/media?parent=59525"}],"wp:term":[{"taxonomy":"category","embeddable":true,"href":"https:\/\/www.evearly.news\/fr\/wp-json\/wp\/v2\/categories?post=59525"},{"taxonomy":"post_tag","embeddable":true,"href":"https:\/\/www.evearly.news\/fr\/wp-json\/wp\/v2\/tags?post=59525"}],"curies":[{"name":"wp","href":"https:\/\/api.w.org\/{rel}","templated":true}]}}