{"id":59619,"date":"2020-08-13T09:19:29","date_gmt":"2020-08-13T07:19:29","guid":{"rendered":"https:\/\/www.automobile-propre.com\/?p=95740"},"modified":"2020-08-13T09:19:29","modified_gmt":"2020-08-13T07:19:29","slug":"tesla-bientot-fournisseur-denergie-en-allemagne","status":"publish","type":"post","link":"https:\/\/www.evearly.news\/fr\/tesla-bientot-fournisseur-denergie-en-allemagne\/","title":{"rendered":"Tesla bient\u00f4t fournisseur d\u2019\u00e9nergie en Allemagne ?"},"content":{"rendered":"<p><img loading=\"lazy\" decoding=\"async\" class=\"alignnone size-full wp-image-95728\" src=\"https:\/\/news.evearly.com\/wp-content\/uploads\/2020\/08\/tesla-bientot-fournisseur-denergie-en-allemagne.jpg\" alt=\"\" width=\"1200\" height=\"800\" \/>Tesla n\u2019est pas uniquement int\u00e9ress\u00e9e \u00e0 la mobilit\u00e9 \u00e9lectrique. La marque californienne envisage d\u2019aller plus loin en mati\u00e8re d\u2019\u00e9nergie renouvelable et veut aussi devenir un fournisseur d\u2019\u00e9lectricit\u00e9, \u00e0 sa fa\u00e7on toutefois. <a style=\"font-size: inherit\" href=\"https:\/\/www.automobile-propre.com\/tesla-bientot-fournisseur-denergie-en-allemagne\/\" target=\"_blank\" rel=\"noopener noreferrer\">Lire la suite&#8230;<\/a><\/p>\n","protected":false},"excerpt":{"rendered":"<table>\n<tr>\n<td style=\"width:210px\"><a href=\"https:\/\/www.automobile-propre.com\/tesla-bientot-fournisseur-denergie-en-allemagne\/\"><img loading=\"lazy\" decoding=\"async\" width=\"186\" height=\"124\" src=\"https:\/\/news.evearly.com\/wp-content\/uploads\/2020\/08\/tesla-bientot-fournisseur-denergie-en-allemagne-2.jpg\" class=\"attachment-186x124 size-186x124 wp-post-image\" alt=\"\" \/><\/td>\n<td style=\"vertical-align:top\">Tesla n\u2019est pas uniquement int\u00e9ress\u00e9e \u00e0 la mobilit\u00e9 \u00e9lectrique. La marque californienne envisage d\u2019aller plus loin en mati\u00e8re d\u2019\u00e9nergie renouvelable et veut aussi devenir un fournisseur d\u2019\u00e9lectricit\u00e9, \u00e0 sa fa\u00e7on toutefois.<\/td>\n<\/tr>\n<\/table>\n<p>L\u2019article <a rel=\"nofollow\" href=\"https:\/\/www.automobile-propre.com\/tesla-bientot-fournisseur-denergie-en-allemagne\/\">Tesla bient\u00f4t fournisseur d&rsquo;\u00e9nergie en Allemagne ?<\/a> est apparu en premier sur <a rel=\"nofollow\" href=\"https:\/\/www.automobile-propre.com\">Automobile Propre<\/a>.<\/p>\n<p>  <a class=\"continue-reading-link\" href=\"https:\/\/www.evearly.news\/fr\/tesla-bientot-fournisseur-denergie-en-allemagne\/\"><\/a><\/p>\n","protected":false},"author":8,"featured_media":0,"comment_status":"closed","ping_status":"closed","sticky":false,"template":"","format":"standard","meta":{"footnotes":""},"categories":[8],"tags":[],"class_list":["post-59619","post","type-post","status-publish","format-standard","hentry","category-automobile-propre"],"_links":{"self":[{"href":"https:\/\/www.evearly.news\/fr\/wp-json\/wp\/v2\/posts\/59619","targetHints":{"allow":["GET"]}}],"collection":[{"href":"https:\/\/www.evearly.news\/fr\/wp-json\/wp\/v2\/posts"}],"about":[{"href":"https:\/\/www.evearly.news\/fr\/wp-json\/wp\/v2\/types\/post"}],"author":[{"embeddable":true,"href":"https:\/\/www.evearly.news\/fr\/wp-json\/wp\/v2\/users\/8"}],"replies":[{"embeddable":true,"href":"https:\/\/www.evearly.news\/fr\/wp-json\/wp\/v2\/comments?post=59619"}],"version-history":[{"count":0,"href":"https:\/\/www.evearly.news\/fr\/wp-json\/wp\/v2\/posts\/59619\/revisions"}],"wp:attachment":[{"href":"https:\/\/www.evearly.news\/fr\/wp-json\/wp\/v2\/media?parent=59619"}],"wp:term":[{"taxonomy":"category","embeddable":true,"href":"https:\/\/www.evearly.news\/fr\/wp-json\/wp\/v2\/categories?post=59619"},{"taxonomy":"post_tag","embeddable":true,"href":"https:\/\/www.evearly.news\/fr\/wp-json\/wp\/v2\/tags?post=59619"}],"curies":[{"name":"wp","href":"https:\/\/api.w.org\/{rel}","templated":true}]}}