{"id":59660,"date":"2020-08-13T08:43:10","date_gmt":"2020-08-13T06:43:10","guid":{"rendered":"https:\/\/www.automobile-propre.com\/?post_type=breves&amp;p=95730"},"modified":"2020-08-13T08:43:10","modified_gmt":"2020-08-13T06:43:10","slug":"skoda-enyaq-le-suv-electrique-devoile-son-style-exterieur","status":"publish","type":"post","link":"https:\/\/www.evearly.news\/fr\/skoda-enyaq-le-suv-electrique-devoile-son-style-exterieur\/","title":{"rendered":"Skoda Enyaq : le SUV \u00e9lectrique d\u00e9voile son style ext\u00e9rieur"},"content":{"rendered":"<p><img decoding=\"async\" src=\"https:\/\/www.automobile-propre.com\/wp-content\/uploads\/2020\/08\/skoda-enyaq-croquis-.jpg\" \/>Pas de tr\u00eave estivale pour Skoda qui continue de teaser sur l\u2019arriv\u00e9e de son tout premier SUV \u00e9lectrique. Inspir\u00e9 du concept Vision iV, le Skoda Enyaq sera officiellement r\u00e9v\u00e9l\u00e9 le 1<sup>er<\/sup> septembre, jour de la rentr\u00e9e, lors d\u2019un \u00e9v\u00e9nement organis\u00e9 \u00e0 Prague. <a style=\"font-size: inherit\" href=\"https:\/\/www.automobile-propre.com\/breves\/skoda-enyaq-le-suv-electrique-devoile-son-style-exterieur\/\" target=\"_blank\" rel=\"noopener noreferrer\">Lire la suite&#8230;<\/a><\/p>\n","protected":false},"excerpt":{"rendered":"<table>\n<tr>\n<td style=\"width:210px\"><a href=\"https:\/\/www.automobile-propre.com\/breves\/skoda-enyaq-le-suv-electrique-devoile-son-style-exterieur\/\"><img loading=\"lazy\" decoding=\"async\" width=\"186\" height=\"124\" src=\"https:\/\/news.evearly.com\/wp-content\/uploads\/2020\/08\/skoda-enyaq-le-suv-electrique-devoile-son-style-exterieur-67.jpg\" class=\"attachment-186x124 size-186x124 wp-post-image\" alt=\"\" \/><\/td>\n<td style=\"vertical-align:top\">A quelques semaines de sa pr\u00e9sentation officielle, le Skoda Enyaq se d\u00e9voile \u00e0 travers une nouvelle s\u00e9rie de croquis.<\/td>\n<\/tr>\n<\/table>\n<p>L\u2019article <a rel=\"nofollow\" href=\"https:\/\/www.automobile-propre.com\/breves\/skoda-enyaq-le-suv-electrique-devoile-son-style-exterieur\/\">Skoda Enyaq : le SUV \u00e9lectrique d\u00e9voile son style ext\u00e9rieur<\/a> est apparu en premier sur <a rel=\"nofollow\" href=\"https:\/\/www.automobile-propre.com\">Automobile Propre<\/a>.<\/p>\n<p>  <a class=\"continue-reading-link\" href=\"https:\/\/www.evearly.news\/fr\/skoda-enyaq-le-suv-electrique-devoile-son-style-exterieur\/\"><\/a><\/p>\n","protected":false},"author":8,"featured_media":0,"comment_status":"closed","ping_status":"closed","sticky":false,"template":"","format":"standard","meta":{"footnotes":""},"categories":[8],"tags":[],"class_list":["post-59660","post","type-post","status-publish","format-standard","hentry","category-automobile-propre"],"_links":{"self":[{"href":"https:\/\/www.evearly.news\/fr\/wp-json\/wp\/v2\/posts\/59660","targetHints":{"allow":["GET"]}}],"collection":[{"href":"https:\/\/www.evearly.news\/fr\/wp-json\/wp\/v2\/posts"}],"about":[{"href":"https:\/\/www.evearly.news\/fr\/wp-json\/wp\/v2\/types\/post"}],"author":[{"embeddable":true,"href":"https:\/\/www.evearly.news\/fr\/wp-json\/wp\/v2\/users\/8"}],"replies":[{"embeddable":true,"href":"https:\/\/www.evearly.news\/fr\/wp-json\/wp\/v2\/comments?post=59660"}],"version-history":[{"count":0,"href":"https:\/\/www.evearly.news\/fr\/wp-json\/wp\/v2\/posts\/59660\/revisions"}],"wp:attachment":[{"href":"https:\/\/www.evearly.news\/fr\/wp-json\/wp\/v2\/media?parent=59660"}],"wp:term":[{"taxonomy":"category","embeddable":true,"href":"https:\/\/www.evearly.news\/fr\/wp-json\/wp\/v2\/categories?post=59660"},{"taxonomy":"post_tag","embeddable":true,"href":"https:\/\/www.evearly.news\/fr\/wp-json\/wp\/v2\/tags?post=59660"}],"curies":[{"name":"wp","href":"https:\/\/api.w.org\/{rel}","templated":true}]}}