{"id":59893,"date":"2020-08-14T08:15:59","date_gmt":"2020-08-14T06:15:59","guid":{"rendered":"https:\/\/www.automobile-propre.com\/?p=95761"},"modified":"2020-08-14T08:15:59","modified_gmt":"2020-08-14T06:15:59","slug":"hyundai-kona-plus-de-1-000-km-dautonomie-pour-le-suv-electrique","status":"publish","type":"post","link":"https:\/\/www.evearly.news\/fr\/hyundai-kona-plus-de-1-000-km-dautonomie-pour-le-suv-electrique\/","title":{"rendered":"Hyundai Kona\u00a0: Plus de 1.000 km d\u2019autonomie pour le SUV \u00e9lectrique"},"content":{"rendered":"<p><img decoding=\"async\" src=\"https:\/\/www.automobile-propre.com\/wp-content\/uploads\/2020\/08\/hyundai-kona-hypermiling.jpg\" \/>Cette performance a \u00e9t\u00e9 obtenue avec 3 exemplaires du Kona \u00e9lectrique en tournant sur le tri-ovale du circuit allemand Dekra Lausitzring.\u00a0<a href=\"https:\/\/www.automobile-propre.com\/hyundai-kona-plus-de-1-000-km-dautonomie-pour-le-suv-electrique\/\" target=\"_blank\" rel=\"noopener noreferrer\">Lire la suite&#8230;<\/a><\/p>\n","protected":false},"excerpt":{"rendered":"<table>\n<tr>\n<td style=\"width:210px\"><a href=\"https:\/\/www.automobile-propre.com\/hyundai-kona-plus-de-1-000-km-dautonomie-pour-le-suv-electrique\/\"><img loading=\"lazy\" decoding=\"async\" width=\"186\" height=\"124\" src=\"https:\/\/news.evearly.com\/wp-content\/uploads\/2020\/08\/hyundai-kona-plus-de-1-000-km-dautonomie-pour-le-suv-electrique-2.jpg\" class=\"attachment-186x124 size-186x124 wp-post-image\" alt=\"\" \/><\/td>\n<td style=\"vertical-align:top\">Cette performance a \u00e9t\u00e9 obtenue avec 3 exemplaires du Kona \u00e9lectrique en tournant sur le tri-ovale du circuit allemand Dekra Lausitzring.<\/td>\n<\/tr>\n<\/table>\n<p>L\u2019article <a rel=\"nofollow\" href=\"https:\/\/www.automobile-propre.com\/hyundai-kona-plus-de-1-000-km-dautonomie-pour-le-suv-electrique\/\">Hyundai Kona\u00a0: Plus de 1.000 km d\u2019autonomie pour le SUV \u00e9lectrique<\/a> est apparu en premier sur <a rel=\"nofollow\" href=\"https:\/\/www.automobile-propre.com\">Automobile Propre<\/a>.<\/p>\n<p>  <a class=\"continue-reading-link\" href=\"https:\/\/www.evearly.news\/fr\/hyundai-kona-plus-de-1-000-km-dautonomie-pour-le-suv-electrique\/\"><\/a><\/p>\n","protected":false},"author":8,"featured_media":0,"comment_status":"closed","ping_status":"closed","sticky":false,"template":"","format":"standard","meta":{"footnotes":""},"categories":[8],"tags":[],"class_list":["post-59893","post","type-post","status-publish","format-standard","hentry","category-automobile-propre"],"_links":{"self":[{"href":"https:\/\/www.evearly.news\/fr\/wp-json\/wp\/v2\/posts\/59893","targetHints":{"allow":["GET"]}}],"collection":[{"href":"https:\/\/www.evearly.news\/fr\/wp-json\/wp\/v2\/posts"}],"about":[{"href":"https:\/\/www.evearly.news\/fr\/wp-json\/wp\/v2\/types\/post"}],"author":[{"embeddable":true,"href":"https:\/\/www.evearly.news\/fr\/wp-json\/wp\/v2\/users\/8"}],"replies":[{"embeddable":true,"href":"https:\/\/www.evearly.news\/fr\/wp-json\/wp\/v2\/comments?post=59893"}],"version-history":[{"count":0,"href":"https:\/\/www.evearly.news\/fr\/wp-json\/wp\/v2\/posts\/59893\/revisions"}],"wp:attachment":[{"href":"https:\/\/www.evearly.news\/fr\/wp-json\/wp\/v2\/media?parent=59893"}],"wp:term":[{"taxonomy":"category","embeddable":true,"href":"https:\/\/www.evearly.news\/fr\/wp-json\/wp\/v2\/categories?post=59893"},{"taxonomy":"post_tag","embeddable":true,"href":"https:\/\/www.evearly.news\/fr\/wp-json\/wp\/v2\/tags?post=59893"}],"curies":[{"name":"wp","href":"https:\/\/api.w.org\/{rel}","templated":true}]}}