{"id":60483,"date":"2020-08-18T20:01:34","date_gmt":"2020-08-18T18:01:34","guid":{"rendered":"https:\/\/www.automobile-propre.com\/?post_type=breves&amp;p=95897"},"modified":"2020-08-18T20:01:34","modified_gmt":"2020-08-18T18:01:34","slug":"bmw-ix-voila-le-nom-du-futur-crossover-electrique-de-bmw","status":"publish","type":"post","link":"https:\/\/www.evearly.news\/fr\/bmw-ix-voila-le-nom-du-futur-crossover-electrique-de-bmw\/","title":{"rendered":"BMW iX : voil\u00e0 le nom du futur crossover \u00e9lectrique de BMW"},"content":{"rendered":"<p><img decoding=\"async\" src=\"https:\/\/www.automobile-propre.com\/wp-content\/uploads\/2019\/02\/bmw-inext-polaire-02-730x365.jpg\" \/>Non officielle, l\u2019information a \u00e9t\u00e9 rapport\u00e9e par le tr\u00e8s bien renseign\u00e9 BMW Blog qui \u00e9voque un mod\u00e8le d\u00e9clin\u00e9 en trois variantes de puissance. Alors que la version d\u2019entr\u00e9e de gamme d\u00e9veloppera 230 kW (308 chevaux), la version interm\u00e9diaire proposera 390 kW (522 chevaux). Sur le haut du panier, on retrouvera une version \u00e0 455 kW (610 chevaux). <a style=\"font-size: inherit\" href=\"https:\/\/www.automobile-propre.com\/breves\/bmw-inext-nom-futur-crossover-electrique-bmw\/\" target=\"_blank\" rel=\"noopener noreferrer\">Lire la suite&#8230;<\/a><\/p>\n","protected":false},"excerpt":{"rendered":"<table>\n<tr>\n<td style=\"width:210px\"><a href=\"https:\/\/www.automobile-propre.com\/breves\/bmw-inext-nom-futur-crossover-electrique-bmw\/\"><img loading=\"lazy\" decoding=\"async\" width=\"186\" height=\"124\" src=\"https:\/\/news.evearly.com\/wp-content\/uploads\/2020\/08\/bmw-ix-voila-le-nom-du-futur-crossover-electrique-de-bmw.jpg\" class=\"attachment-186x124 size-186x124 wp-post-image\" alt=\"\" \/><\/td>\n<td style=\"vertical-align:top\">Annonc\u00e9 il y a deux ans par le concept Vision iNEXT, le futur crossover \u00e9lectrique de la marque \u00e0 l\u2019h\u00e9lice prendra la d\u00e9nomination de BMW iX dans sa version d\u00e9finitive.<\/td>\n<\/tr>\n<\/table>\n<p>L\u2019article <a rel=\"nofollow\" href=\"https:\/\/www.automobile-propre.com\/breves\/bmw-inext-nom-futur-crossover-electrique-bmw\/\">BMW iX : voil\u00e0 le nom du futur crossover \u00e9lectrique de BMW<\/a> est apparu en premier sur <a rel=\"nofollow\" href=\"https:\/\/www.automobile-propre.com\">Automobile Propre<\/a>.<\/p>\n<p>  <a class=\"continue-reading-link\" href=\"https:\/\/www.evearly.news\/fr\/bmw-ix-voila-le-nom-du-futur-crossover-electrique-de-bmw\/\"><\/a><\/p>\n","protected":false},"author":8,"featured_media":0,"comment_status":"closed","ping_status":"closed","sticky":false,"template":"","format":"standard","meta":{"footnotes":""},"categories":[8],"tags":[],"class_list":["post-60483","post","type-post","status-publish","format-standard","hentry","category-automobile-propre"],"_links":{"self":[{"href":"https:\/\/www.evearly.news\/fr\/wp-json\/wp\/v2\/posts\/60483","targetHints":{"allow":["GET"]}}],"collection":[{"href":"https:\/\/www.evearly.news\/fr\/wp-json\/wp\/v2\/posts"}],"about":[{"href":"https:\/\/www.evearly.news\/fr\/wp-json\/wp\/v2\/types\/post"}],"author":[{"embeddable":true,"href":"https:\/\/www.evearly.news\/fr\/wp-json\/wp\/v2\/users\/8"}],"replies":[{"embeddable":true,"href":"https:\/\/www.evearly.news\/fr\/wp-json\/wp\/v2\/comments?post=60483"}],"version-history":[{"count":0,"href":"https:\/\/www.evearly.news\/fr\/wp-json\/wp\/v2\/posts\/60483\/revisions"}],"wp:attachment":[{"href":"https:\/\/www.evearly.news\/fr\/wp-json\/wp\/v2\/media?parent=60483"}],"wp:term":[{"taxonomy":"category","embeddable":true,"href":"https:\/\/www.evearly.news\/fr\/wp-json\/wp\/v2\/categories?post=60483"},{"taxonomy":"post_tag","embeddable":true,"href":"https:\/\/www.evearly.news\/fr\/wp-json\/wp\/v2\/tags?post=60483"}],"curies":[{"name":"wp","href":"https:\/\/api.w.org\/{rel}","templated":true}]}}