{"id":60552,"date":"2020-08-18T16:40:23","date_gmt":"2020-08-18T14:40:23","guid":{"rendered":"https:\/\/www.auto-moto.com\/?p=246884"},"modified":"2020-08-18T16:40:23","modified_gmt":"2020-08-18T14:40:23","slug":"essai-audi-e-tron-sportback-video-sur-les-terres-du-x","status":"publish","type":"post","link":"https:\/\/www.evearly.news\/fr\/essai-audi-e-tron-sportback-video-sur-les-terres-du-x\/","title":{"rendered":"Essai Audi E-Tron Sportback \u2013 VIDEO : sur les terres du X"},"content":{"rendered":"<p><img decoding=\"async\" src=\"https:\/\/www.auto-moto.com\/wp-content\/uploads\/sites\/9\/2020\/08\/ok3-2-750x410.jpg\" \/>Les constructeurs allemands traquent Tesla comme jamais. Si l\u2019Audi e-tron ne parvient pas \u00e0 \u00e9galer le Tesla Model X en termes de performance, d\u2019autonomie, ou m\u00eame d\u2019habitabilit\u00e9, il peut mettre en avant son image de marque en b\u00e9ton, sa qualit\u00e9 de fabrication sup\u00e9rieure et son r\u00e9seau de distribution&#8230; <a style=\"font-size: inherit\" href=\"https:\/\/www.auto-moto.com\/essais\/prise-en-mains\/audi-e-tron-sportback-video-terres-x-246884.html?utm_source=rss_feed&amp;utm_medium=link&amp;utm_campaign=unknown\" target=\"_blank\" rel=\"noopener noreferrer\">Lire la suite&#8230;<\/a><\/p>\n","protected":false},"excerpt":{"rendered":"<p>Un an apr\u00e8s son lancement, le SUV \u00e9lectrique de luxe d\u2019Audi se d\u00e9cline en version coup\u00e9 5 portes, dite Sportback, avec une a\u00e9rodynamique peaufin\u00e9e. Est-ce suffisant pour lutter face au Tesla Model X ?<br \/>\nThe post Essai Audi E-Tron Sportback &#8211; VIDEO : sur les terres du X appeared first on Auto&#8230; <a class=\"continue-reading-link\" href=\"https:\/\/www.evearly.news\/fr\/essai-audi-e-tron-sportback-video-sur-les-terres-du-x\/\"><\/a><\/p>\n","protected":false},"author":9,"featured_media":0,"comment_status":"closed","ping_status":"closed","sticky":false,"template":"","format":"standard","meta":{"footnotes":""},"categories":[10],"tags":[],"class_list":["post-60552","post","type-post","status-publish","format-standard","hentry","category-auto-moto-com"],"_links":{"self":[{"href":"https:\/\/www.evearly.news\/fr\/wp-json\/wp\/v2\/posts\/60552","targetHints":{"allow":["GET"]}}],"collection":[{"href":"https:\/\/www.evearly.news\/fr\/wp-json\/wp\/v2\/posts"}],"about":[{"href":"https:\/\/www.evearly.news\/fr\/wp-json\/wp\/v2\/types\/post"}],"author":[{"embeddable":true,"href":"https:\/\/www.evearly.news\/fr\/wp-json\/wp\/v2\/users\/9"}],"replies":[{"embeddable":true,"href":"https:\/\/www.evearly.news\/fr\/wp-json\/wp\/v2\/comments?post=60552"}],"version-history":[{"count":0,"href":"https:\/\/www.evearly.news\/fr\/wp-json\/wp\/v2\/posts\/60552\/revisions"}],"wp:attachment":[{"href":"https:\/\/www.evearly.news\/fr\/wp-json\/wp\/v2\/media?parent=60552"}],"wp:term":[{"taxonomy":"category","embeddable":true,"href":"https:\/\/www.evearly.news\/fr\/wp-json\/wp\/v2\/categories?post=60552"},{"taxonomy":"post_tag","embeddable":true,"href":"https:\/\/www.evearly.news\/fr\/wp-json\/wp\/v2\/tags?post=60552"}],"curies":[{"name":"wp","href":"https:\/\/api.w.org\/{rel}","templated":true}]}}