{"id":60618,"date":"2020-08-19T17:21:44","date_gmt":"2020-08-19T15:21:44","guid":{"rendered":"https:\/\/www.automobile-propre.com\/?p=95936"},"modified":"2020-08-19T17:21:44","modified_gmt":"2020-08-19T15:21:44","slug":"porsche-taycan-la-sportive-electrique-fait-le-plein-de-mises-a-jour","status":"publish","type":"post","link":"https:\/\/www.evearly.news\/fr\/porsche-taycan-la-sportive-electrique-fait-le-plein-de-mises-a-jour\/","title":{"rendered":"Porsche Taycan : la sportive \u00e9lectrique fait le plein de mises \u00e0 jour"},"content":{"rendered":"<p><img loading=\"lazy\" decoding=\"async\" class=\"alignnone size-full wp-image-95938\" src=\"https:\/\/news.evearly.com\/wp-content\/uploads\/2020\/08\/porsche-taycan-la-sportive-electrique-fait-le-plein-de-mises-a-jour.jpg\" alt=\"\" width=\"1920\" height=\"1280\" \/><\/p>\n<p>Pour ne pas se laisser distancer par ses futures rivales et la mise \u00e0 jour r\u00e9guli\u00e8re des Tesla, Porsche change de strat\u00e9gie. Pour sa Taycan, le constructeur de Zuffenhausen mise sur un lot d\u2019\u00e9volutions, dont certaines accessibles \u00e0 distance, pour le mill\u00e9sime 2021.<\/p>\n<p><a href=\"https:\/\/www.automobile-propre.com\/porsche-taycan-sportive-electrique-plein-de-mises-a-jour\/\" target=\"_blank\" rel=\"noopener noreferrer\">Lire la suite&#8230;<\/a><\/p>\n","protected":false},"excerpt":{"rendered":"<table>\n<tr>\n<td style=\"width:210px\"><a href=\"https:\/\/www.automobile-propre.com\/porsche-taycan-sportive-electrique-plein-de-mises-a-jour\/\"><img loading=\"lazy\" decoding=\"async\" width=\"186\" height=\"124\" src=\"https:\/\/news.evearly.com\/wp-content\/uploads\/2020\/08\/porsche-taycan-la-sportive-electrique-fait-le-plein-de-mises-a-jour-4.jpg\" class=\"attachment-186x124 size-186x124 wp-post-image\" alt=\"\" \/><\/td>\n<td style=\"vertical-align:top\">Apr\u00e8s moins d\u2019un an de commercialisation, Porsche apporte d\u00e9j\u00e0 quelques \u00e9volutions \u00e0 sa berline \u00e9lectrique Taycan, avec notamment une fonction de recharge simplifi\u00e9e et de nouveaux \u00e9quipements.<\/td>\n<\/tr>\n<\/table>\n<p>L\u2019article <a rel=\"nofollow\" href=\"https:\/\/www.automobile-propre.com\/porsche-taycan-sportive-electrique-plein-de-mises-a-jour\/\">Porsche Taycan : la sportive \u00e9lectrique fait le plein de mises \u00e0 jour<\/a> est apparu en premier sur <a rel=\"nofollow\" href=\"https:\/\/www.automobile-propre.com\">Automobile Propre<\/a>.<\/p>\n<p>  <a class=\"continue-reading-link\" href=\"https:\/\/www.evearly.news\/fr\/porsche-taycan-la-sportive-electrique-fait-le-plein-de-mises-a-jour\/\"><\/a><\/p>\n","protected":false},"author":8,"featured_media":0,"comment_status":"closed","ping_status":"closed","sticky":false,"template":"","format":"standard","meta":{"footnotes":""},"categories":[8],"tags":[],"class_list":["post-60618","post","type-post","status-publish","format-standard","hentry","category-automobile-propre"],"_links":{"self":[{"href":"https:\/\/www.evearly.news\/fr\/wp-json\/wp\/v2\/posts\/60618","targetHints":{"allow":["GET"]}}],"collection":[{"href":"https:\/\/www.evearly.news\/fr\/wp-json\/wp\/v2\/posts"}],"about":[{"href":"https:\/\/www.evearly.news\/fr\/wp-json\/wp\/v2\/types\/post"}],"author":[{"embeddable":true,"href":"https:\/\/www.evearly.news\/fr\/wp-json\/wp\/v2\/users\/8"}],"replies":[{"embeddable":true,"href":"https:\/\/www.evearly.news\/fr\/wp-json\/wp\/v2\/comments?post=60618"}],"version-history":[{"count":0,"href":"https:\/\/www.evearly.news\/fr\/wp-json\/wp\/v2\/posts\/60618\/revisions"}],"wp:attachment":[{"href":"https:\/\/www.evearly.news\/fr\/wp-json\/wp\/v2\/media?parent=60618"}],"wp:term":[{"taxonomy":"category","embeddable":true,"href":"https:\/\/www.evearly.news\/fr\/wp-json\/wp\/v2\/categories?post=60618"},{"taxonomy":"post_tag","embeddable":true,"href":"https:\/\/www.evearly.news\/fr\/wp-json\/wp\/v2\/tags?post=60618"}],"curies":[{"name":"wp","href":"https:\/\/api.w.org\/{rel}","templated":true}]}}