{"id":60643,"date":"2020-08-19T16:34:41","date_gmt":"2020-08-19T14:34:41","guid":{"rendered":"https:\/\/www.caradisiac.com\/porsche-taycan-petites-mises-a-jour-nouveau-chargeur-embarque-184942.htm#xtor=RSS-40"},"modified":"2020-08-19T16:34:41","modified_gmt":"2020-08-19T14:34:41","slug":"porsche-taycan-petites-mises-a-jour-nouveau-chargeur-embarque","status":"publish","type":"post","link":"https:\/\/www.evearly.news\/fr\/porsche-taycan-petites-mises-a-jour-nouveau-chargeur-embarque\/","title":{"rendered":"Porsche Taycan : petites mises \u00e0 jour, nouveau chargeur embarqu\u00e9"},"content":{"rendered":"<p><img decoding=\"async\" src=\"https:\/\/news.evearly.com\/wp-content\/uploads\/2020\/08\/porsche-taycan-petites-mises-a-jour-nouveau-chargeur-embarque.jpg\" \/> Porsche a mis \u00e0 jour un certain nombre de choses sur la Taycan. Les clients d\u00e9j\u00e0 livr\u00e9s auront droit \u00e0 la mise \u00e0 jour \u00e0 distance, tandis que les nouvelles Taycan seront dot\u00e9es en sortie d&rsquo;usine de ces am\u00e9liorations. <a href=\"https:\/\/www.caradisiac.com\/porsche-taycan-petites-mises-a-jour-nouveau-chargeur-embarque-184942.htm#xtor=RSS-40\" target=\"_blank\" rel=\"noopener noreferrer\">Lire la suite&#8230;<\/a><\/p>\n","protected":false},"excerpt":{"rendered":"<p><img decoding=\"async\" src=\"https:\/\/news.evearly.com\/wp-content\/uploads\/2020\/08\/porsche-taycan-petites-mises-a-jour-nouveau-chargeur-embarque.jpg\" \/> Porsche a mis \u00e0 jour un certain nombre de choses sur la Taycan. Les clients d\u00e9j\u00e0 livr\u00e9s auront droit \u00e0 la mise \u00e0 jour \u00e0 distance, tandis que les nouvelles Taycan seront dot\u00e9es en sortie d&rsquo;usine de ces am\u00e9liorations.  <a class=\"continue-reading-link\" href=\"https:\/\/www.evearly.news\/fr\/porsche-taycan-petites-mises-a-jour-nouveau-chargeur-embarque\/\"><\/a><\/p>\n","protected":false},"author":11,"featured_media":0,"comment_status":"closed","ping_status":"closed","sticky":false,"template":"","format":"standard","meta":{"footnotes":""},"categories":[11],"tags":[],"class_list":["post-60643","post","type-post","status-publish","format-standard","hentry","category-caradisiac"],"_links":{"self":[{"href":"https:\/\/www.evearly.news\/fr\/wp-json\/wp\/v2\/posts\/60643","targetHints":{"allow":["GET"]}}],"collection":[{"href":"https:\/\/www.evearly.news\/fr\/wp-json\/wp\/v2\/posts"}],"about":[{"href":"https:\/\/www.evearly.news\/fr\/wp-json\/wp\/v2\/types\/post"}],"author":[{"embeddable":true,"href":"https:\/\/www.evearly.news\/fr\/wp-json\/wp\/v2\/users\/11"}],"replies":[{"embeddable":true,"href":"https:\/\/www.evearly.news\/fr\/wp-json\/wp\/v2\/comments?post=60643"}],"version-history":[{"count":0,"href":"https:\/\/www.evearly.news\/fr\/wp-json\/wp\/v2\/posts\/60643\/revisions"}],"wp:attachment":[{"href":"https:\/\/www.evearly.news\/fr\/wp-json\/wp\/v2\/media?parent=60643"}],"wp:term":[{"taxonomy":"category","embeddable":true,"href":"https:\/\/www.evearly.news\/fr\/wp-json\/wp\/v2\/categories?post=60643"},{"taxonomy":"post_tag","embeddable":true,"href":"https:\/\/www.evearly.news\/fr\/wp-json\/wp\/v2\/tags?post=60643"}],"curies":[{"name":"wp","href":"https:\/\/api.w.org\/{rel}","templated":true}]}}