{"id":60660,"date":"2020-08-19T18:04:09","date_gmt":"2020-08-19T16:04:09","guid":{"rendered":"https:\/\/www.auto-moto.com\/?p=246963"},"modified":"2020-08-19T18:04:09","modified_gmt":"2020-08-19T16:04:09","slug":"futur-ds3-crossback-restyle-2023-a-quoi-peut-on-sattendre","status":"publish","type":"post","link":"https:\/\/www.evearly.news\/fr\/futur-ds3-crossback-restyle-2023-a-quoi-peut-on-sattendre\/","title":{"rendered":"Futur DS3 Crossback restyl\u00e9 (2023) : \u00e0 quoi peut-on s\u2019attendre ?"},"content":{"rendered":"<p><img decoding=\"async\" src=\"https:\/\/www.auto-moto.com\/wp-content\/uploads\/sites\/9\/2020\/08\/home-ds3-cb-fl-1-750x410.jpg\" \/>Futur DS3 Crossback restyl\u00e9 (2023) \u2013 Malgr\u00e9 sa jeunesse (sortie en 2019), le SUV citadin du label premium peine \u00e0 convaincre en termes de volumes de ventes. Une situation inqui\u00e9tante qui pourrait amener la direction \u00e0 revoir sa copie pr\u00e9matur\u00e9ment. A quoi pourrait ressembler le facelift du DS3 Crossback, dans les toutes prochaines ann\u00e9es ? <a style=\"font-size: inherit\" href=\"https:\/\/www.auto-moto.com\/nouveautes\/scoop\/futur-ds3-crossback-restyle-2023-a-quoi-peut-on-sattendre-246963.html?utm_source=rss_feed&amp;utm_medium=link&amp;utm_campaign=unknown\" target=\"_blank\" rel=\"noopener noreferrer\">Lire la suite&#8230;<\/a><\/p>\n","protected":false},"excerpt":{"rendered":"<p>Malmen\u00e9 sur le plan commercial, le DS3 Crossback pourrait rapidement revoir sa copie, et faire l&rsquo;objet d&rsquo;un important restylage, en milieu de carri\u00e8re.<br \/>\nThe post Futur DS3 Crossback restyl\u00e9 (2023) : \u00e0 quoi peut-on s&rsquo;attendre ? appeared first on Auto moto : magazine auto et moto. &#8230; <a class=\"continue-reading-link\" href=\"https:\/\/www.evearly.news\/fr\/futur-ds3-crossback-restyle-2023-a-quoi-peut-on-sattendre\/\"><\/a><\/p>\n","protected":false},"author":9,"featured_media":0,"comment_status":"closed","ping_status":"closed","sticky":false,"template":"","format":"standard","meta":{"footnotes":""},"categories":[10],"tags":[],"class_list":["post-60660","post","type-post","status-publish","format-standard","hentry","category-auto-moto-com"],"_links":{"self":[{"href":"https:\/\/www.evearly.news\/fr\/wp-json\/wp\/v2\/posts\/60660","targetHints":{"allow":["GET"]}}],"collection":[{"href":"https:\/\/www.evearly.news\/fr\/wp-json\/wp\/v2\/posts"}],"about":[{"href":"https:\/\/www.evearly.news\/fr\/wp-json\/wp\/v2\/types\/post"}],"author":[{"embeddable":true,"href":"https:\/\/www.evearly.news\/fr\/wp-json\/wp\/v2\/users\/9"}],"replies":[{"embeddable":true,"href":"https:\/\/www.evearly.news\/fr\/wp-json\/wp\/v2\/comments?post=60660"}],"version-history":[{"count":0,"href":"https:\/\/www.evearly.news\/fr\/wp-json\/wp\/v2\/posts\/60660\/revisions"}],"wp:attachment":[{"href":"https:\/\/www.evearly.news\/fr\/wp-json\/wp\/v2\/media?parent=60660"}],"wp:term":[{"taxonomy":"category","embeddable":true,"href":"https:\/\/www.evearly.news\/fr\/wp-json\/wp\/v2\/categories?post=60660"},{"taxonomy":"post_tag","embeddable":true,"href":"https:\/\/www.evearly.news\/fr\/wp-json\/wp\/v2\/tags?post=60660"}],"curies":[{"name":"wp","href":"https:\/\/api.w.org\/{rel}","templated":true}]}}