{"id":60736,"date":"2020-08-21T06:35:51","date_gmt":"2020-08-21T04:35:51","guid":{"rendered":"https:\/\/www.automobile-propre.com\/?post_type=breves&amp;p=95975"},"modified":"2020-08-21T06:35:51","modified_gmt":"2020-08-21T04:35:51","slug":"volkswagen-id-4-le-suv-electrique-entre-en-production","status":"publish","type":"post","link":"https:\/\/www.evearly.news\/fr\/volkswagen-id-4-le-suv-electrique-entre-en-production\/","title":{"rendered":"Volkswagen ID.4\u00a0: le SUV \u00e9lectrique entre en production"},"content":{"rendered":"<p><img decoding=\"async\" src=\"https:\/\/www.automobile-propre.com\/wp-content\/uploads\/2017\/11\/vw-id4-01-730x473.jpg\" \/>Issu du concept ID.Crozz, r\u00e9v\u00e9l\u00e9 en avril 2017 \u00e0 Shanghai, l\u2019ID.4 se classe dans la tr\u00e8s populaire cat\u00e9gorie des SUV. Il vise une carri\u00e8re beaucoup plus internationale que l\u2019ID.3. En plus de Zwickau, le v\u00e9hicule sera assembl\u00e9 \u00e0 l\u2019usine chinoise d\u2019Anting et \u00e0 Chattanooga, dans l\u2019Etat am\u00e9ricain du Tennessee, o\u00f9 sa production d\u00e9butera en 2022. <a style=\"font-size: inherit\" href=\"https:\/\/www.automobile-propre.com\/breves\/volkswagen-id-4-le-suv-electrique-entre-en-production\/\" target=\"_blank\" rel=\"noopener noreferrer\">Lire la suite&#8230;<\/a><\/p>\n","protected":false},"excerpt":{"rendered":"<table>\n<tr>\n<td style=\"width:210px\"><a href=\"https:\/\/www.automobile-propre.com\/breves\/volkswagen-id-4-le-suv-electrique-entre-en-production\/\"><img loading=\"lazy\" decoding=\"async\" width=\"186\" height=\"124\" src=\"https:\/\/news.evearly.com\/wp-content\/uploads\/2020\/08\/volkswagen-id-4-le-suv-electrique-entre-en-production.jpg\" class=\"attachment-186x124 size-186x124 wp-post-image\" alt=\"\" \/><\/td>\n<td style=\"vertical-align:top\">Marquant une nouvelle phase de l\u2019offensive \u00e9lectrique du groupe allemand, le Volkswagen ID.4 vient d\u2019entrer en production au sein de l\u2019usine allemande de Zwickau o\u00f9 il est assembl\u00e9 aux c\u00f4t\u00e9s de la compacte ID.3.<\/td>\n<\/tr>\n<\/table>\n<p>L\u2019article <a rel=\"nofollow\" href=\"https:\/\/www.automobile-propre.com\/breves\/volkswagen-id-4-le-suv-electrique-entre-en-production\/\">Volkswagen ID.4\u00a0: le SUV \u00e9lectrique entre en production<\/a> est apparu en premier sur <a rel=\"nofollow\" href=\"https:\/\/www.automobile-propre.com\">Automobile Propre<\/a>.<\/p>\n<p>  <a class=\"continue-reading-link\" href=\"https:\/\/www.evearly.news\/fr\/volkswagen-id-4-le-suv-electrique-entre-en-production\/\"><\/a><\/p>\n","protected":false},"author":8,"featured_media":0,"comment_status":"closed","ping_status":"closed","sticky":false,"template":"","format":"standard","meta":{"footnotes":""},"categories":[8],"tags":[],"class_list":["post-60736","post","type-post","status-publish","format-standard","hentry","category-automobile-propre"],"_links":{"self":[{"href":"https:\/\/www.evearly.news\/fr\/wp-json\/wp\/v2\/posts\/60736","targetHints":{"allow":["GET"]}}],"collection":[{"href":"https:\/\/www.evearly.news\/fr\/wp-json\/wp\/v2\/posts"}],"about":[{"href":"https:\/\/www.evearly.news\/fr\/wp-json\/wp\/v2\/types\/post"}],"author":[{"embeddable":true,"href":"https:\/\/www.evearly.news\/fr\/wp-json\/wp\/v2\/users\/8"}],"replies":[{"embeddable":true,"href":"https:\/\/www.evearly.news\/fr\/wp-json\/wp\/v2\/comments?post=60736"}],"version-history":[{"count":0,"href":"https:\/\/www.evearly.news\/fr\/wp-json\/wp\/v2\/posts\/60736\/revisions"}],"wp:attachment":[{"href":"https:\/\/www.evearly.news\/fr\/wp-json\/wp\/v2\/media?parent=60736"}],"wp:term":[{"taxonomy":"category","embeddable":true,"href":"https:\/\/www.evearly.news\/fr\/wp-json\/wp\/v2\/categories?post=60736"},{"taxonomy":"post_tag","embeddable":true,"href":"https:\/\/www.evearly.news\/fr\/wp-json\/wp\/v2\/tags?post=60736"}],"curies":[{"name":"wp","href":"https:\/\/api.w.org\/{rel}","templated":true}]}}