{"id":60756,"date":"2020-08-21T11:49:49","date_gmt":"2020-08-21T09:49:49","guid":{"rendered":"https:\/\/www.automobile-propre.com\/?post_type=breves&amp;p=96006"},"modified":"2020-08-21T11:49:49","modified_gmt":"2020-08-21T09:49:49","slug":"vehicule-electrique-le-constructeur-chinois-nio-en-europe-des-2021","status":"publish","type":"post","link":"https:\/\/www.evearly.news\/fr\/vehicule-electrique-le-constructeur-chinois-nio-en-europe-des-2021\/","title":{"rendered":"V\u00e9hicule \u00e9lectrique : Le constructeur chinois Nio en Europe d\u00e8s 2021"},"content":{"rendered":"<p><img decoding=\"async\" src=\"https:\/\/www.automobile-propre.com\/wp-content\/uploads\/2020\/08\/APA0820_bNioEurope.jpg\" \/>Nio \u00e0 l\u2019assaut de l\u2019Europe : Ce n\u2019est pas un nouveaut\u00e9 ! En mai 2019, Lihong Qin, pr\u00e9sident de Nio, disait en faire \u00ab <em>une priorit\u00e9 absolue<\/em> \u00bb. Il \u00e9tait alors question d\u2019introduire le SUV \u00e9lectrique ES6 \u00e0 horizon 2025. <a style=\"font-size: inherit\" href=\"https:\/\/www.automobile-propre.com\/breves\/vehicule-electrique-le-constructeur-chinois-nio-en-europe-des-2021\/\" target=\"_blank\" rel=\"noopener noreferrer\">Lire la suite&#8230;<\/a><\/p>\n","protected":false},"excerpt":{"rendered":"<table>\n<tr>\n<td style=\"width:210px\"><a href=\"https:\/\/www.automobile-propre.com\/breves\/vehicule-electrique-le-constructeur-chinois-nio-en-europe-des-2021\/\"><img loading=\"lazy\" decoding=\"async\" width=\"186\" height=\"124\" src=\"https:\/\/news.evearly.com\/wp-content\/uploads\/2020\/08\/vehicule-electrique-le-constructeur-chinois-nio-en-europe-des-2021.jpg\" class=\"attachment-186x124 size-186x124 wp-post-image\" alt=\"\" \/><\/td>\n<td style=\"vertical-align:top\">Sous leurs propres marques, ou derri\u00e8re des filiales europ\u00e9ennes \u00e0 l\u2019origine, les constructeurs chinois sont de plus en plus pr\u00e9sents en Europe. Nio compte se joindre \u00e0 eux d\u00e8s l\u2019ann\u00e9e prochaine en se distinguant avec des offres diff\u00e9rentes.<\/td>\n<\/tr>\n<\/table>\n<p>L\u2019article <a rel=\"nofollow\" href=\"https:\/\/www.automobile-propre.com\/breves\/vehicule-electrique-le-constructeur-chinois-nio-en-europe-des-2021\/\">V\u00e9hicule \u00e9lectrique : Le constructeur chinois Nio en Europe d\u00e8s 2021<\/a> est apparu en premier sur <a rel=\"nofollow\" href=\"https:\/\/www.automobile-propre.com\">Automobile Propre<\/a>.<\/p>\n<p>  <a class=\"continue-reading-link\" href=\"https:\/\/www.evearly.news\/fr\/vehicule-electrique-le-constructeur-chinois-nio-en-europe-des-2021\/\"><\/a><\/p>\n","protected":false},"author":8,"featured_media":0,"comment_status":"closed","ping_status":"closed","sticky":false,"template":"","format":"standard","meta":{"footnotes":""},"categories":[8],"tags":[],"class_list":["post-60756","post","type-post","status-publish","format-standard","hentry","category-automobile-propre"],"_links":{"self":[{"href":"https:\/\/www.evearly.news\/fr\/wp-json\/wp\/v2\/posts\/60756","targetHints":{"allow":["GET"]}}],"collection":[{"href":"https:\/\/www.evearly.news\/fr\/wp-json\/wp\/v2\/posts"}],"about":[{"href":"https:\/\/www.evearly.news\/fr\/wp-json\/wp\/v2\/types\/post"}],"author":[{"embeddable":true,"href":"https:\/\/www.evearly.news\/fr\/wp-json\/wp\/v2\/users\/8"}],"replies":[{"embeddable":true,"href":"https:\/\/www.evearly.news\/fr\/wp-json\/wp\/v2\/comments?post=60756"}],"version-history":[{"count":0,"href":"https:\/\/www.evearly.news\/fr\/wp-json\/wp\/v2\/posts\/60756\/revisions"}],"wp:attachment":[{"href":"https:\/\/www.evearly.news\/fr\/wp-json\/wp\/v2\/media?parent=60756"}],"wp:term":[{"taxonomy":"category","embeddable":true,"href":"https:\/\/www.evearly.news\/fr\/wp-json\/wp\/v2\/categories?post=60756"},{"taxonomy":"post_tag","embeddable":true,"href":"https:\/\/www.evearly.news\/fr\/wp-json\/wp\/v2\/tags?post=60756"}],"curies":[{"name":"wp","href":"https:\/\/api.w.org\/{rel}","templated":true}]}}