{"id":60774,"date":"2020-08-21T16:58:13","date_gmt":"2020-08-21T14:58:13","guid":{"rendered":"https:\/\/www.automobile-propre.com\/?p=95662"},"modified":"2020-08-21T16:58:13","modified_gmt":"2020-08-21T14:58:13","slug":"essai-peugeot-e-2008-jusqua-la-panne-quelle-autonomie-sur-petites-routes","status":"publish","type":"post","link":"https:\/\/www.evearly.news\/fr\/essai-peugeot-e-2008-jusqua-la-panne-quelle-autonomie-sur-petites-routes\/","title":{"rendered":"Essai Peugeot e-2008 jusqu\u2019\u00e0 la panne\u00a0: quelle autonomie sur petites routes\u00a0?"},"content":{"rendered":"\n<figure class=\"wp-block-embed is-type-video is-provider-youtube wp-block-embed-youtube wp-embed-aspect-16-9 wp-has-aspect-ratio\"><div class=\"wp-block-embed__wrapper\">\n<iframe loading=\"lazy\" title=\"Jusqu&#039;o\u00f9 peut aller le PEUGEOT e-2008 avec une seule charge ?\" width=\"1240\" height=\"698\" src=\"https:\/\/www.youtube.com\/embed\/A_LNb4Vmhdc?feature=oembed\" frameborder=\"0\" allow=\"accelerometer; autoplay; clipboard-write; encrypted-media; gyroscope; picture-in-picture; web-share\" allowfullscreen><\/iframe>\n<\/div><\/figure>\n\n\n<p>Sur autoroute, sur le p\u00e9riph\u00e9rique parisien\u2026 les tests d\u2019autonomie de voitures \u00e9lectriques oublient parfois les petites routes nationales et d\u00e9partementales. Pourtant, ces axes sont les seuls \u00e0 permettre les d\u00e9placements de tr\u00e8s nombreux automobilistes. Nous avons ainsi souhait\u00e9 conna\u00eetre l\u2019autonomie maximale de la version \u00e9lectrique du Peugeot e-2008. <a style=\"font-size: inherit\" href=\"https:\/\/www.automobile-propre.com\/essai-peugeot-e-2008-jusqua-la-panne-quelle-autonomie-sur-petites-routes\/\" target=\"_blank\" rel=\"noopener noreferrer\">Lire la suite&#8230;<\/a><\/p>","protected":false},"excerpt":{"rendered":"<table>\n<tr>\n<td style=\"width:210px\"><a href=\"https:\/\/www.automobile-propre.com\/essai-peugeot-e-2008-jusqua-la-panne-quelle-autonomie-sur-petites-routes\/\"><img loading=\"lazy\" decoding=\"async\" width=\"186\" height=\"124\" src=\"https:\/\/news.evearly.com\/wp-content\/uploads\/2020\/08\/essai-peugeot-e-2008-jusqua-la-panne-quelle-autonomie-sur-petites-routes-6.jpg\" class=\"attachment-186x124 size-186x124 wp-post-image\" alt=\"\" \/><\/td>\n<td style=\"vertical-align:top\">Sur autoroute, sur le p\u00e9riph\u00e9rique parisien\u2026 les tests d\u2019autonomie de voitures \u00e9lectriques oublient parfois les petites routes nationales et d\u00e9partementales. Pourtant, ces axes sont les seuls \u00e0 permettre les d\u00e9placements de tr\u00e8s nombreux automobilistes. Nous avons ainsi souhait\u00e9 conna\u00eetre l\u2019autonomie maximale de la version \u00e9lectrique du Peugeot e-2008. A t-il pu atteindre les 320 km annonc\u00e9s avant la panne\u00a0? La r\u00e9ponse est \u00e0 lire dans notre essai.<\/td>\n<\/tr>\n<\/table>\n<p>L\u2019article <a rel=\"nofollow\" href=\"https:\/\/www.automobile-propre.com\/essai-peugeot-e-2008-jusqua-la-panne-quelle-autonomie-sur-petites-routes\/\">Essai Peugeot e-2008 jusqu\u2019\u00e0 la panne\u00a0: quelle autonomie sur petites routes\u00a0?<\/a> est apparu en premier sur <a rel=\"nofollow\" href=\"https:\/\/www.automobile-propre.com\">Automobile Propre<\/a>.<\/p>\n<p>  <a class=\"continue-reading-link\" href=\"https:\/\/www.evearly.news\/fr\/essai-peugeot-e-2008-jusqua-la-panne-quelle-autonomie-sur-petites-routes\/\"><\/a><\/p>\n","protected":false},"author":8,"featured_media":0,"comment_status":"closed","ping_status":"closed","sticky":false,"template":"","format":"standard","meta":{"footnotes":""},"categories":[8],"tags":[],"class_list":["post-60774","post","type-post","status-publish","format-standard","hentry","category-automobile-propre"],"_links":{"self":[{"href":"https:\/\/www.evearly.news\/fr\/wp-json\/wp\/v2\/posts\/60774","targetHints":{"allow":["GET"]}}],"collection":[{"href":"https:\/\/www.evearly.news\/fr\/wp-json\/wp\/v2\/posts"}],"about":[{"href":"https:\/\/www.evearly.news\/fr\/wp-json\/wp\/v2\/types\/post"}],"author":[{"embeddable":true,"href":"https:\/\/www.evearly.news\/fr\/wp-json\/wp\/v2\/users\/8"}],"replies":[{"embeddable":true,"href":"https:\/\/www.evearly.news\/fr\/wp-json\/wp\/v2\/comments?post=60774"}],"version-history":[{"count":0,"href":"https:\/\/www.evearly.news\/fr\/wp-json\/wp\/v2\/posts\/60774\/revisions"}],"wp:attachment":[{"href":"https:\/\/www.evearly.news\/fr\/wp-json\/wp\/v2\/media?parent=60774"}],"wp:term":[{"taxonomy":"category","embeddable":true,"href":"https:\/\/www.evearly.news\/fr\/wp-json\/wp\/v2\/categories?post=60774"},{"taxonomy":"post_tag","embeddable":true,"href":"https:\/\/www.evearly.news\/fr\/wp-json\/wp\/v2\/tags?post=60774"}],"curies":[{"name":"wp","href":"https:\/\/api.w.org\/{rel}","templated":true}]}}