{"id":60933,"date":"2020-08-21T16:28:52","date_gmt":"2020-08-21T14:28:52","guid":{"rendered":"https:\/\/www.caradisiac.com\/lucid-air-annonce-pres-de-500-km-de-charge-en-20-minutes-184957.htm#xtor=RSS-40"},"modified":"2020-08-21T16:28:52","modified_gmt":"2020-08-21T14:28:52","slug":"lucid-air-annonce-pres-de-500-km-de-charge-en-20-minutes","status":"publish","type":"post","link":"https:\/\/www.evearly.news\/fr\/lucid-air-annonce-pres-de-500-km-de-charge-en-20-minutes\/","title":{"rendered":"Lucid Air annonce pr\u00e8s de 500 km de charge en 20 minutes"},"content":{"rendered":"<p><img decoding=\"async\" src=\"https:\/\/news.evearly.com\/wp-content\/uploads\/2020\/08\/lucid-air-annonce-pres-de-500-km-de-charge-en-20-minutes.jpg\" \/> Avec son r\u00e9seau \u00e9lectrique en 900V, les batteries de la Lucid Air peuvent r\u00e9cup\u00e9rer pr\u00e8s de 500 km d&rsquo;autonomie en 20 minutes selon le constructeur am\u00e9ricain. Probl\u00e8me : pour cela, il faut atteindre les 350 kW de charge, et aucune borne ne le permet en Europe. <a href=\"https:\/\/www.caradisiac.com\/lucid-air-annonce-pres-de-500-km-de-charge-en-20-minutes-184957.htm#xtor=RSS-40\" target=\"_blank\" rel=\"noopener noreferrer\">Lire la suite&#8230;<\/a><\/p>\n","protected":false},"excerpt":{"rendered":"<p><img decoding=\"async\" src=\"https:\/\/news.evearly.com\/wp-content\/uploads\/2020\/08\/lucid-air-annonce-pres-de-500-km-de-charge-en-20-minutes.jpg\" \/> Avec son r\u00e9seau \u00e9lectrique en 900V, les batteries de la Lucid Air peuvent r\u00e9cup\u00e9rer pr\u00e8s de 500 km d&rsquo;autonomie en 20 minutes selon le constructeur am\u00e9ricain. Probl\u00e8me : pour cela, il faut atteindre les 350 kW de charge, et aucune borne ne le permet en Europe.  <a class=\"continue-reading-link\" href=\"https:\/\/www.evearly.news\/fr\/lucid-air-annonce-pres-de-500-km-de-charge-en-20-minutes\/\"><\/a><\/p>\n","protected":false},"author":11,"featured_media":0,"comment_status":"closed","ping_status":"closed","sticky":false,"template":"","format":"standard","meta":{"footnotes":""},"categories":[11],"tags":[],"class_list":["post-60933","post","type-post","status-publish","format-standard","hentry","category-caradisiac"],"_links":{"self":[{"href":"https:\/\/www.evearly.news\/fr\/wp-json\/wp\/v2\/posts\/60933","targetHints":{"allow":["GET"]}}],"collection":[{"href":"https:\/\/www.evearly.news\/fr\/wp-json\/wp\/v2\/posts"}],"about":[{"href":"https:\/\/www.evearly.news\/fr\/wp-json\/wp\/v2\/types\/post"}],"author":[{"embeddable":true,"href":"https:\/\/www.evearly.news\/fr\/wp-json\/wp\/v2\/users\/11"}],"replies":[{"embeddable":true,"href":"https:\/\/www.evearly.news\/fr\/wp-json\/wp\/v2\/comments?post=60933"}],"version-history":[{"count":0,"href":"https:\/\/www.evearly.news\/fr\/wp-json\/wp\/v2\/posts\/60933\/revisions"}],"wp:attachment":[{"href":"https:\/\/www.evearly.news\/fr\/wp-json\/wp\/v2\/media?parent=60933"}],"wp:term":[{"taxonomy":"category","embeddable":true,"href":"https:\/\/www.evearly.news\/fr\/wp-json\/wp\/v2\/categories?post=60933"},{"taxonomy":"post_tag","embeddable":true,"href":"https:\/\/www.evearly.news\/fr\/wp-json\/wp\/v2\/tags?post=60933"}],"curies":[{"name":"wp","href":"https:\/\/api.w.org\/{rel}","templated":true}]}}