{"id":60979,"date":"2020-08-22T11:00:47","date_gmt":"2020-08-22T09:00:47","guid":{"rendered":"https:\/\/www.presse-citron.net\/?p=377337"},"modified":"2020-08-22T11:00:47","modified_gmt":"2020-08-22T09:00:47","slug":"voici-comment-jaguar-land-rover-veut-resoudre-le-probleme-du-mal-des-transports","status":"publish","type":"post","link":"https:\/\/www.evearly.news\/fr\/voici-comment-jaguar-land-rover-veut-resoudre-le-probleme-du-mal-des-transports\/","title":{"rendered":"Voici comment Jaguar Land Rover veut r\u00e9soudre le probl\u00e8me du mal des transports"},"content":{"rendered":"<p><img loading=\"lazy\" decoding=\"async\" class=\"attachment-full size-full wp-post-image\" src=\"https:\/\/news.evearly.com\/wp-content\/uploads\/2020\/08\/voici-comment-jaguar-land-rover-veut-resoudre-le-probleme-du-mal-des-transports.jpg\" alt=\"Jaguar Land Rover mal des transports\" width=\"1400\" height=\"932\" \/><\/p>\n<p>Gr\u00e2ce \u00e0 la conduite autonome, le constructeur britannique souhaite r\u00e9duire l&rsquo;impact du mal des transports, qui concerne plus de 70% des personnes dans le monde. <a href=\"https:\/\/www.presse-citron.net\/voici-comment-jaguar-land-rover-veut-resoudre-le-probleme-du-mal-des-transports\/\" target=\"_blank\" rel=\"noopener noreferrer\">Lire la suite&#8230;<\/a><\/p>\n","protected":false},"excerpt":{"rendered":"<p>&#8230; <a class=\"continue-reading-link\" href=\"https:\/\/www.evearly.news\/fr\/voici-comment-jaguar-land-rover-veut-resoudre-le-probleme-du-mal-des-transports\/\"><\/a><\/p>\n","protected":false},"author":18,"featured_media":0,"comment_status":"closed","ping_status":"closed","sticky":false,"template":"","format":"standard","meta":{"footnotes":""},"categories":[19],"tags":[],"class_list":["post-60979","post","type-post","status-publish","format-standard","hentry","category-presse-citron"],"_links":{"self":[{"href":"https:\/\/www.evearly.news\/fr\/wp-json\/wp\/v2\/posts\/60979","targetHints":{"allow":["GET"]}}],"collection":[{"href":"https:\/\/www.evearly.news\/fr\/wp-json\/wp\/v2\/posts"}],"about":[{"href":"https:\/\/www.evearly.news\/fr\/wp-json\/wp\/v2\/types\/post"}],"author":[{"embeddable":true,"href":"https:\/\/www.evearly.news\/fr\/wp-json\/wp\/v2\/users\/18"}],"replies":[{"embeddable":true,"href":"https:\/\/www.evearly.news\/fr\/wp-json\/wp\/v2\/comments?post=60979"}],"version-history":[{"count":0,"href":"https:\/\/www.evearly.news\/fr\/wp-json\/wp\/v2\/posts\/60979\/revisions"}],"wp:attachment":[{"href":"https:\/\/www.evearly.news\/fr\/wp-json\/wp\/v2\/media?parent=60979"}],"wp:term":[{"taxonomy":"category","embeddable":true,"href":"https:\/\/www.evearly.news\/fr\/wp-json\/wp\/v2\/categories?post=60979"},{"taxonomy":"post_tag","embeddable":true,"href":"https:\/\/www.evearly.news\/fr\/wp-json\/wp\/v2\/tags?post=60979"}],"curies":[{"name":"wp","href":"https:\/\/api.w.org\/{rel}","templated":true}]}}